{"id":892,"date":"2023-06-19T17:13:46","date_gmt":"2023-06-19T15:13:46","guid":{"rendered":"http:\/\/unaymilletras.com\/?p=892"},"modified":"2023-06-19T17:19:18","modified_gmt":"2023-06-19T15:19:18","slug":"spotify-equal-fest-ya-tiene-el-cartel-completo","status":"publish","type":"post","link":"https:\/\/unaymilletras.com\/en\/spotify-equal-fest-ya-tiene-el-cartel-completo\/","title":{"rendered":"Spotify EQUAL FEST ya tiene el cartel completo"},"content":{"rendered":"<div data-elementor-type=\"wp-post\" data-elementor-id=\"892\" class=\"elementor elementor-892\">\n\t\t\t\t\t\t<section class=\"elementor-section elementor-top-section elementor-element elementor-element-e47e601 elementor-section-boxed elementor-section-height-default elementor-section-height-default\" data-id=\"e47e601\" data-element_type=\"section\" data-e-type=\"section\">\n\t\t\t\t\t\t<div class=\"elementor-container elementor-column-gap-default\">\n\t\t\t\t\t<div class=\"elementor-column elementor-col-100 elementor-top-column elementor-element elementor-element-1584b50\" data-id=\"1584b50\" data-element_type=\"column\" data-e-type=\"column\">\n\t\t\t<div class=\"elementor-widget-wrap elementor-element-populated\">\n\t\t\t\t\t\t<div class=\"elementor-element elementor-element-d6c089c elementor-widget elementor-widget-text-editor\" data-id=\"d6c089c\" data-element_type=\"widget\" data-e-type=\"widget\" data-widget_type=\"text-editor.default\">\n\t\t\t\t<div class=\"elementor-widget-container\">\n\t\t\t\t\t\t\t\t\t<h2><span style=\"color: #808080;\"><em>El 22 de septiembre el WiZink Center acoger\u00e1 a Ptazeta, Lola \u00edndigo o Nathy Peluso entre otras muchas en el Spotify EQUAL FEST<\/em><\/span><\/h2>\t\t\t\t\t\t\t\t<\/div>\n\t\t\t\t<\/div>\n\t\t\t\t\t<\/div>\n\t\t<\/div>\n\t\t\t\t\t<\/div>\n\t\t<\/section>\n\t\t\t\t<section class=\"elementor-section elementor-top-section elementor-element elementor-element-cb07f3f elementor-section-boxed elementor-section-height-default elementor-section-height-default\" data-id=\"cb07f3f\" data-element_type=\"section\" data-e-type=\"section\">\n\t\t\t\t\t\t<div class=\"elementor-container elementor-column-gap-default\">\n\t\t\t\t\t<div class=\"elementor-column elementor-col-100 elementor-top-column elementor-element elementor-element-9627efc\" data-id=\"9627efc\" data-element_type=\"column\" data-e-type=\"column\">\n\t\t\t<div class=\"elementor-widget-wrap elementor-element-populated\">\n\t\t\t\t\t\t<div class=\"elementor-element elementor-element-62250cd elementor-widget elementor-widget-text-editor\" data-id=\"62250cd\" data-element_type=\"widget\" data-e-type=\"widget\" data-widget_type=\"text-editor.default\">\n\t\t\t\t<div class=\"elementor-widget-container\">\n\t\t\t\t\t\t\t\t\t<p><b>Spotify<\/b>, la plataforma l\u00edder de streaming de audio, ha anunciado el <b>Spotify EQUAL FEST<\/b>. Se trata de un concierto con el que quieren celebrar y visibilizar a las artistas femeninas. Este tendr\u00e1 ligar el pr\u00f3ximo <b><a href=\"https:\/\/www.wizinkcenter.es\/informacion?evento=spotify-equal-fest\">22 de septiembre en el WiZink Center<\/a><\/b> de Madrid. Asimismo, es el primer concierto de la compa\u00f1\u00eda en directo en Espa\u00f1a.<\/p>\n<p><b><a href=\"https:\/\/open.spotify.com\/artist\/3bvfu2KAve4lPHrhEFDZna?si=c676501238f64d6c\">Lola \u00cdndigo<\/a><\/b> fue la \u00faltima artista que se confirm\u00f3 y la cual cerr\u00f3 el cartel del Spotify EQUAL FEST. La gaditana se uni\u00f3 a <b><a href=\"https:\/\/open.spotify.com\/artist\/3VHAySZQPlfGlNLslzXYpN?si=6b8dfbcdb2834321\">Nathy Peluso<\/a><\/b>, <b><a href=\"https:\/\/open.spotify.com\/artist\/5UN0rzL594mWY2RbOtZqIN?si=96e0955cb4e54b60\">Ptazeta<\/a><\/b>, <b><a href=\"https:\/\/open.spotify.com\/artist\/3Zs59sqZJ6fWQqWbRC8bOP?si=755add9e4db5410a\">Natalia Lacunza<\/a><\/b> y <b><a href=\"https:\/\/open.spotify.com\/artist\/1H6X7yhnXZg73f9bssaj1Q?si=9c3f4dacc1a4469d\">Judeline<\/a><\/b>, el resto de grandes artistas que actuar\u00e1n en el festival.<\/p>\t\t\t\t\t\t\t\t<\/div>\n\t\t\t\t<\/div>\n\t\t\t\t\t<\/div>\n\t\t<\/div>\n\t\t\t\t\t<\/div>\n\t\t<\/section>\n\t\t\t\t<section class=\"elementor-section elementor-top-section elementor-element elementor-element-1ca2dfc elementor-section-boxed elementor-section-height-default elementor-section-height-default\" data-id=\"1ca2dfc\" data-element_type=\"section\" data-e-type=\"section\">\n\t\t\t\t\t\t<div class=\"elementor-container elementor-column-gap-default\">\n\t\t\t\t\t<div class=\"elementor-column elementor-col-50 elementor-top-column elementor-element elementor-element-27d4a39\" data-id=\"27d4a39\" data-element_type=\"column\" data-e-type=\"column\">\n\t\t\t<div class=\"elementor-widget-wrap elementor-element-populated\">\n\t\t\t\t\t\t<div class=\"elementor-element elementor-element-f32de7d elementor-widget elementor-widget-image\" data-id=\"f32de7d\" data-element_type=\"widget\" data-e-type=\"widget\" data-widget_type=\"image.default\">\n\t\t\t\t<div class=\"elementor-widget-container\">\n\t\t\t\t\t\t\t\t\t\t\t\t\t\t\t<img fetchpriority=\"high\" decoding=\"async\" width=\"640\" height=\"800\" src=\"https:\/\/unaymilletras.com\/wp-content\/uploads\/2023\/06\/sef-819x1024.jpeg\" class=\"attachment-large size-large wp-image-894\" alt=\"Spotify EQUAL FEST\" srcset=\"https:\/\/unaymilletras.com\/wp-content\/uploads\/2023\/06\/sef-819x1024.jpeg 819w, https:\/\/unaymilletras.com\/wp-content\/uploads\/2023\/06\/sef-scaled-e1687187198204-240x300.jpeg 240w, https:\/\/unaymilletras.com\/wp-content\/uploads\/2023\/06\/sef-768x960.jpeg 768w, https:\/\/unaymilletras.com\/wp-content\/uploads\/2023\/06\/sef-1229x1536.jpeg 1229w, https:\/\/unaymilletras.com\/wp-content\/uploads\/2023\/06\/sef-1638x2048.jpeg 1638w, https:\/\/unaymilletras.com\/wp-content\/uploads\/2023\/06\/sef-1024x1280.jpeg 1024w, https:\/\/unaymilletras.com\/wp-content\/uploads\/2023\/06\/sef-scaled-e1687187198204.jpeg 600w\" sizes=\"(max-width: 640px) 100vw, 640px\" \/>\t\t\t\t\t\t\t\t\t\t\t\t\t\t\t<\/div>\n\t\t\t\t<\/div>\n\t\t\t\t\t<\/div>\n\t\t<\/div>\n\t\t\t\t<div class=\"elementor-column elementor-col-50 elementor-top-column elementor-element elementor-element-78186ad\" data-id=\"78186ad\" data-element_type=\"column\" data-e-type=\"column\">\n\t\t\t<div class=\"elementor-widget-wrap elementor-element-populated\">\n\t\t\t\t\t\t<div class=\"elementor-element elementor-element-876834b elementor-widget elementor-widget-text-editor\" data-id=\"876834b\" data-element_type=\"widget\" data-e-type=\"widget\" data-widget_type=\"text-editor.default\">\n\t\t\t\t<div class=\"elementor-widget-container\">\n\t\t\t\t\t\t\t\t\t<h4><span style=\"color: #000000;\"><em>\u201cEs un honor participar en el <span style=\"color: #00ff00;\">Spotify EQUAL FEST<\/span> <br \/>y compartir escenario junto a artistas de enorme talento. Me siento inspirada por el poder y la diversidad que las mujeres aportan a la industria musical. Juntas, seguimos alzando la voz y dejando huella en nuestra profesi\u00f3n\u201d,<\/em>\u00a0Lola Indigo<\/span><\/h4>\t\t\t\t\t\t\t\t<\/div>\n\t\t\t\t<\/div>\n\t\t\t\t\t<\/div>\n\t\t<\/div>\n\t\t\t\t\t<\/div>\n\t\t<\/section>\n\t\t\t\t<section class=\"elementor-section elementor-top-section elementor-element elementor-element-36610fd elementor-section-boxed elementor-section-height-default elementor-section-height-default\" data-id=\"36610fd\" data-element_type=\"section\" data-e-type=\"section\">\n\t\t\t\t\t\t<div class=\"elementor-container elementor-column-gap-default\">\n\t\t\t\t\t<div class=\"elementor-column elementor-col-100 elementor-top-column elementor-element elementor-element-1ff463e\" data-id=\"1ff463e\" data-element_type=\"column\" data-e-type=\"column\">\n\t\t\t<div class=\"elementor-widget-wrap elementor-element-populated\">\n\t\t\t\t\t\t<div class=\"elementor-element elementor-element-5dd6047 elementor-widget elementor-widget-text-editor\" data-id=\"5dd6047\" data-element_type=\"widget\" data-e-type=\"widget\" data-widget_type=\"text-editor.default\">\n\t\t\t\t<div class=\"elementor-widget-container\">\n\t\t\t\t\t\t\t\t\t<p>Durante el evento que celebr\u00f3 Spotify, tambi\u00e9n anunci\u00f3 que organizar\u00e1n una gala ben\u00e9fica junto a <b><a href=\"https:\/\/open.spotify.com\/artist\/3Ces1OJeGOVGcUB0wPaPXJ?si=b8639560315e46dd\">Mala Rodr\u00edguez<\/a> <\/b>en septiembre,<b>&nbsp;<\/b>antes del festival. Con ello quieren \u201crecaudar fondos a favor de las mujeres en la m\u00fasica\u201d que se donar\u00e1n a la asociaci\u00f3n de <b>Mujeres en la Industria de la M\u00fasica<\/b>. Estas ganancias se destinar\u00e1n a impulsar la carrera de las mujeres en la m\u00fasica gracias a becas de formaci\u00f3n en producci\u00f3n e ingenier\u00eda de sonido.<\/p>\n<p>Adem\u00e1s, la asociaci\u00f3n MIM y <b>Planet Events<\/b> tambi\u00e9n estuvieron presentes junto a la plataforma y no solo hablaron del Spotify EQUAL FEST, sino que tambi\u00e9n dieron algunos de los datos m\u00e1s relevantes sobre la situaci\u00f3n de la mujer dentro de la industria de la m\u00fasica. Entre ellos sen encuentra el hecho de que tan solo el 13% de las reproducciones en Espa\u00f1a son de canciones de artistas femeninas. <\/p>\t\t\t\t\t\t\t\t<\/div>\n\t\t\t\t<\/div>\n\t\t\t\t\t<\/div>\n\t\t<\/div>\n\t\t\t\t\t<\/div>\n\t\t<\/section>\n\t\t\t\t<section class=\"elementor-section elementor-top-section elementor-element elementor-element-b616865 elementor-section-boxed elementor-section-height-default elementor-section-height-default\" data-id=\"b616865\" data-element_type=\"section\" data-e-type=\"section\">\n\t\t\t\t\t\t<div class=\"elementor-container elementor-column-gap-default\">\n\t\t\t\t\t<div class=\"elementor-column elementor-col-100 elementor-top-column elementor-element elementor-element-b56cdfa\" data-id=\"b56cdfa\" data-element_type=\"column\" data-e-type=\"column\">\n\t\t\t<div class=\"elementor-widget-wrap elementor-element-populated\">\n\t\t\t\t\t\t<div class=\"elementor-element elementor-element-7ffd7d1 elementor-widget elementor-widget-image\" data-id=\"7ffd7d1\" data-element_type=\"widget\" data-e-type=\"widget\" data-widget_type=\"image.default\">\n\t\t\t\t<div class=\"elementor-widget-container\">\n\t\t\t\t\t\t\t\t\t\t\t\t\t\t\t<img decoding=\"async\" width=\"640\" height=\"428\" src=\"https:\/\/unaymilletras.com\/wp-content\/uploads\/2023\/06\/Spotify_EQUAL-FEST-1024x684.jpg\" class=\"attachment-large size-large wp-image-897\" alt=\"\" srcset=\"https:\/\/unaymilletras.com\/wp-content\/uploads\/2023\/06\/Spotify_EQUAL-FEST-1024x684.jpg 1024w, https:\/\/unaymilletras.com\/wp-content\/uploads\/2023\/06\/Spotify_EQUAL-FEST-e1687187556706-300x200.jpg 300w, https:\/\/unaymilletras.com\/wp-content\/uploads\/2023\/06\/Spotify_EQUAL-FEST-768x513.jpg 768w, https:\/\/unaymilletras.com\/wp-content\/uploads\/2023\/06\/Spotify_EQUAL-FEST-1536x1025.jpg 1536w, https:\/\/unaymilletras.com\/wp-content\/uploads\/2023\/06\/Spotify_EQUAL-FEST-e1687187556706.jpg 600w\" sizes=\"(max-width: 640px) 100vw, 640px\" \/>\t\t\t\t\t\t\t\t\t\t\t\t\t\t\t<\/div>\n\t\t\t\t<\/div>\n\t\t\t\t\t<\/div>\n\t\t<\/div>\n\t\t\t\t\t<\/div>\n\t\t<\/section>\n\t\t\t\t<section class=\"elementor-section elementor-top-section elementor-element elementor-element-f2e6a49 elementor-section-boxed elementor-section-height-default elementor-section-height-default\" data-id=\"f2e6a49\" data-element_type=\"section\" data-e-type=\"section\">\n\t\t\t\t\t\t<div class=\"elementor-container elementor-column-gap-default\">\n\t\t\t\t\t<div class=\"elementor-column elementor-col-100 elementor-top-column elementor-element elementor-element-014ced2\" data-id=\"014ced2\" data-element_type=\"column\" data-e-type=\"column\">\n\t\t\t<div class=\"elementor-widget-wrap elementor-element-populated\">\n\t\t\t\t\t\t<div class=\"elementor-element elementor-element-cb1e14c elementor-widget elementor-widget-text-editor\" data-id=\"cb1e14c\" data-element_type=\"widget\" data-e-type=\"widget\" data-widget_type=\"text-editor.default\">\n\t\t\t\t<div class=\"elementor-widget-container\">\n\t\t\t\t\t\t\t\t\t<p>Pero, a pesar de la desigualdad, encontramos un dato esperanzador: las reproducciones de artistas femeninas espa\u00f1olas se han incrementado un 60%. Este aumento coincide con el estreno de EQUAL, una iniciativa de Spotify que se estren\u00f3 en marzo de 2021 y que tiene como finalidad principal fomentar la igualdad de g\u00e9nero en la m\u00fasica. A esto hay que a\u00f1adirle que la presencia de artistas femeninas en las playlists es ahora un 70% mayor.<\/p>\t\t\t\t\t\t\t\t<\/div>\n\t\t\t\t<\/div>\n\t\t\t\t\t<\/div>\n\t\t<\/div>\n\t\t\t\t\t<\/div>\n\t\t<\/section>\n\t\t\t\t<section class=\"elementor-section elementor-top-section elementor-element elementor-element-bbe6c9b elementor-section-boxed elementor-section-height-default elementor-section-height-default\" data-id=\"bbe6c9b\" data-element_type=\"section\" data-e-type=\"section\">\n\t\t\t\t\t\t<div class=\"elementor-container elementor-column-gap-default\">\n\t\t\t\t\t<div class=\"elementor-column elementor-col-50 elementor-top-column elementor-element elementor-element-5114b44\" data-id=\"5114b44\" data-element_type=\"column\" data-e-type=\"column\">\n\t\t\t<div class=\"elementor-widget-wrap elementor-element-populated\">\n\t\t\t\t\t\t<div class=\"elementor-element elementor-element-8067b01 elementor-widget elementor-widget-image\" data-id=\"8067b01\" data-element_type=\"widget\" data-e-type=\"widget\" data-widget_type=\"image.default\">\n\t\t\t\t<div class=\"elementor-widget-container\">\n\t\t\t\t\t\t\t\t\t\t\t\t<figure class=\"wp-caption\">\n\t\t\t\t\t\t\t\t\t\t<img decoding=\"async\" width=\"640\" height=\"904\" src=\"https:\/\/unaymilletras.com\/wp-content\/uploads\/2023\/06\/Infografia_SpotifyxEqual_2-725x1024.jpg\" class=\"attachment-large size-large wp-image-896\" alt=\"\" srcset=\"https:\/\/unaymilletras.com\/wp-content\/uploads\/2023\/06\/Infografia_SpotifyxEqual_2-725x1024.jpg 725w, https:\/\/unaymilletras.com\/wp-content\/uploads\/2023\/06\/Infografia_SpotifyxEqual_2-e1687187503539-212x300.jpg 212w, https:\/\/unaymilletras.com\/wp-content\/uploads\/2023\/06\/Infografia_SpotifyxEqual_2-768x1085.jpg 768w, https:\/\/unaymilletras.com\/wp-content\/uploads\/2023\/06\/Infografia_SpotifyxEqual_2-1087x1536.jpg 1087w, https:\/\/unaymilletras.com\/wp-content\/uploads\/2023\/06\/Infografia_SpotifyxEqual_2-1024x1447.jpg 1024w, https:\/\/unaymilletras.com\/wp-content\/uploads\/2023\/06\/Infografia_SpotifyxEqual_2-e1687187503539.jpg 600w\" sizes=\"(max-width: 640px) 100vw, 640px\" \/>\t\t\t\t\t\t\t\t\t\t\t<figcaption class=\"widget-image-caption wp-caption-text\">Infograf\u00eda Spotify<\/figcaption>\n\t\t\t\t\t\t\t\t\t\t<\/figure>\n\t\t\t\t\t\t\t\t\t<\/div>\n\t\t\t\t<\/div>\n\t\t\t\t\t<\/div>\n\t\t<\/div>\n\t\t\t\t<div class=\"elementor-column elementor-col-50 elementor-top-column elementor-element elementor-element-0066d7a\" data-id=\"0066d7a\" data-element_type=\"column\" data-e-type=\"column\">\n\t\t\t<div class=\"elementor-widget-wrap elementor-element-populated\">\n\t\t\t\t\t\t<div class=\"elementor-element elementor-element-5e0f382 elementor-widget elementor-widget-image\" data-id=\"5e0f382\" data-element_type=\"widget\" data-e-type=\"widget\" data-widget_type=\"image.default\">\n\t\t\t\t<div class=\"elementor-widget-container\">\n\t\t\t\t\t\t\t\t\t\t\t\t<figure class=\"wp-caption\">\n\t\t\t\t\t\t\t\t\t\t<img loading=\"lazy\" decoding=\"async\" width=\"640\" height=\"904\" src=\"https:\/\/unaymilletras.com\/wp-content\/uploads\/2023\/06\/Infografia_SpotifyxEqual_1-725x1024.jpg\" class=\"attachment-large size-large wp-image-895\" alt=\"\" srcset=\"https:\/\/unaymilletras.com\/wp-content\/uploads\/2023\/06\/Infografia_SpotifyxEqual_1-725x1024.jpg 725w, https:\/\/unaymilletras.com\/wp-content\/uploads\/2023\/06\/Infografia_SpotifyxEqual_1-e1687187512736-212x300.jpg 212w, https:\/\/unaymilletras.com\/wp-content\/uploads\/2023\/06\/Infografia_SpotifyxEqual_1-768x1085.jpg 768w, https:\/\/unaymilletras.com\/wp-content\/uploads\/2023\/06\/Infografia_SpotifyxEqual_1-1087x1536.jpg 1087w, https:\/\/unaymilletras.com\/wp-content\/uploads\/2023\/06\/Infografia_SpotifyxEqual_1-1024x1447.jpg 1024w, https:\/\/unaymilletras.com\/wp-content\/uploads\/2023\/06\/Infografia_SpotifyxEqual_1-e1687187512736.jpg 600w\" sizes=\"(max-width: 640px) 100vw, 640px\" \/>\t\t\t\t\t\t\t\t\t\t\t<figcaption class=\"widget-image-caption wp-caption-text\">Infograf\u00eda Spotify<\/figcaption>\n\t\t\t\t\t\t\t\t\t\t<\/figure>\n\t\t\t\t\t\t\t\t\t<\/div>\n\t\t\t\t<\/div>\n\t\t\t\t\t<\/div>\n\t\t<\/div>\n\t\t\t\t\t<\/div>\n\t\t<\/section>\n\t\t\t\t<\/div>","protected":false},"excerpt":{"rendered":"<p>El 22 de septiembre el WiZink Center acoger\u00e1 a Ptazeta, Lola \u00edndigo o Nathy Peluso entre otras muchas en el Spotify EQUAL FEST Spotify, la plataforma l\u00edder de streaming de audio, ha anunciado el Spotify EQUAL FEST. Se trata de un concierto con el que quieren celebrar y visibilizar a las artistas femeninas. Este tendr\u00e1 [&hellip;]<\/p>\n","protected":false},"author":1,"featured_media":894,"comment_status":"open","ping_status":"open","sticky":false,"template":"","format":"standard","meta":{"footnotes":""},"categories":[4],"tags":[],"class_list":["post-892","post","type-post","status-publish","format-standard","has-post-thumbnail","hentry","category-musica"],"yoast_head":"<!-- This site is optimized with the Yoast SEO plugin v27.4 - https:\/\/yoast.com\/product\/yoast-seo-wordpress\/ -->\n<title>Spotify EQUAL FEST ya tiene el cartel completo &#8902; Una y Mil Letras<\/title>\n<meta name=\"description\" content=\"El 22 de septiembre el WiZink Center acoger\u00e1 a Ptazeta, Lola \u00edndigo o Nathy Peluso entre otras muchas en el Spotify EQUAL FEST\" \/>\n<meta name=\"robots\" content=\"index, follow, max-snippet:-1, max-image-preview:large, max-video-preview:-1\" \/>\n<link rel=\"canonical\" href=\"https:\/\/unaymilletras.com\/en\/spotify-equal-fest-ya-tiene-el-cartel-completo\/\" \/>\n<meta property=\"og:locale\" content=\"en_GB\" \/>\n<meta property=\"og:type\" content=\"article\" \/>\n<meta property=\"og:title\" content=\"Spotify EQUAL FEST ya tiene el cartel completo &#8902; Una y Mil Letras\" \/>\n<meta property=\"og:description\" content=\"El 22 de septiembre el WiZink Center acoger\u00e1 a Ptazeta, Lola \u00edndigo o Nathy Peluso entre otras muchas en el Spotify EQUAL FEST\" \/>\n<meta property=\"og:url\" content=\"https:\/\/unaymilletras.com\/en\/spotify-equal-fest-ya-tiene-el-cartel-completo\/\" \/>\n<meta property=\"og:site_name\" content=\"Una y Mil Letras\" \/>\n<meta property=\"article:published_time\" content=\"2023-06-19T15:13:46+00:00\" \/>\n<meta property=\"article:modified_time\" content=\"2023-06-19T15:19:18+00:00\" \/>\n<meta property=\"og:image\" content=\"https:\/\/unaymilletras.com\/wp-content\/uploads\/2023\/06\/sef-scaled-e1687187198204.jpeg\" \/>\n\t<meta property=\"og:image:width\" content=\"600\" \/>\n\t<meta property=\"og:image:height\" content=\"750\" \/>\n\t<meta property=\"og:image:type\" content=\"image\/jpeg\" \/>\n<meta name=\"author\" content=\"Maria Gil Robledo\" \/>\n<meta name=\"twitter:card\" content=\"summary_large_image\" \/>\n<meta name=\"twitter:creator\" content=\"@UnaYMilLetras\" \/>\n<meta name=\"twitter:site\" content=\"@UnaYMilLetras\" \/>\n<meta name=\"twitter:label1\" content=\"Written by\" \/>\n\t<meta name=\"twitter:data1\" content=\"Maria Gil Robledo\" \/>\n\t<meta name=\"twitter:label2\" content=\"Estimated reading time\" \/>\n\t<meta name=\"twitter:data2\" content=\"3 minutes\" \/>\n<script type=\"application\/ld+json\" class=\"yoast-schema-graph\">{\"@context\":\"https:\\\/\\\/schema.org\",\"@graph\":[{\"@type\":\"Article\",\"@id\":\"https:\\\/\\\/unaymilletras.com\\\/spotify-equal-fest-ya-tiene-el-cartel-completo\\\/#article\",\"isPartOf\":{\"@id\":\"https:\\\/\\\/unaymilletras.com\\\/spotify-equal-fest-ya-tiene-el-cartel-completo\\\/\"},\"author\":{\"name\":\"Maria Gil Robledo\",\"@id\":\"http:\\\/\\\/unaymilletras.com\\\/#\\\/schema\\\/person\\\/d55ba681b8a4e463d8982dbe36a5dc94\"},\"headline\":\"Spotify EQUAL FEST ya tiene el cartel completo\",\"datePublished\":\"2023-06-19T15:13:46+00:00\",\"dateModified\":\"2023-06-19T15:19:18+00:00\",\"mainEntityOfPage\":{\"@id\":\"https:\\\/\\\/unaymilletras.com\\\/spotify-equal-fest-ya-tiene-el-cartel-completo\\\/\"},\"wordCount\":423,\"commentCount\":0,\"publisher\":{\"@id\":\"http:\\\/\\\/unaymilletras.com\\\/#organization\"},\"image\":{\"@id\":\"https:\\\/\\\/unaymilletras.com\\\/spotify-equal-fest-ya-tiene-el-cartel-completo\\\/#primaryimage\"},\"thumbnailUrl\":\"https:\\\/\\\/unaymilletras.com\\\/wp-content\\\/uploads\\\/2023\\\/06\\\/sef-scaled-e1687187198204.jpeg\",\"articleSection\":[\"M\u00fasica\"],\"inLanguage\":\"en-GB\",\"potentialAction\":[{\"@type\":\"CommentAction\",\"name\":\"Comment\",\"target\":[\"https:\\\/\\\/unaymilletras.com\\\/spotify-equal-fest-ya-tiene-el-cartel-completo\\\/#respond\"]}]},{\"@type\":\"WebPage\",\"@id\":\"https:\\\/\\\/unaymilletras.com\\\/spotify-equal-fest-ya-tiene-el-cartel-completo\\\/\",\"url\":\"https:\\\/\\\/unaymilletras.com\\\/spotify-equal-fest-ya-tiene-el-cartel-completo\\\/\",\"name\":\"Spotify EQUAL FEST ya tiene el cartel completo &#8902; Una y Mil Letras\",\"isPartOf\":{\"@id\":\"http:\\\/\\\/unaymilletras.com\\\/#website\"},\"primaryImageOfPage\":{\"@id\":\"https:\\\/\\\/unaymilletras.com\\\/spotify-equal-fest-ya-tiene-el-cartel-completo\\\/#primaryimage\"},\"image\":{\"@id\":\"https:\\\/\\\/unaymilletras.com\\\/spotify-equal-fest-ya-tiene-el-cartel-completo\\\/#primaryimage\"},\"thumbnailUrl\":\"https:\\\/\\\/unaymilletras.com\\\/wp-content\\\/uploads\\\/2023\\\/06\\\/sef-scaled-e1687187198204.jpeg\",\"datePublished\":\"2023-06-19T15:13:46+00:00\",\"dateModified\":\"2023-06-19T15:19:18+00:00\",\"description\":\"El 22 de septiembre el WiZink Center acoger\u00e1 a Ptazeta, Lola \u00edndigo o Nathy Peluso entre otras muchas en el Spotify EQUAL FEST\",\"breadcrumb\":{\"@id\":\"https:\\\/\\\/unaymilletras.com\\\/spotify-equal-fest-ya-tiene-el-cartel-completo\\\/#breadcrumb\"},\"inLanguage\":\"en-GB\",\"potentialAction\":[{\"@type\":\"ReadAction\",\"target\":[\"https:\\\/\\\/unaymilletras.com\\\/spotify-equal-fest-ya-tiene-el-cartel-completo\\\/\"]}]},{\"@type\":\"ImageObject\",\"inLanguage\":\"en-GB\",\"@id\":\"https:\\\/\\\/unaymilletras.com\\\/spotify-equal-fest-ya-tiene-el-cartel-completo\\\/#primaryimage\",\"url\":\"https:\\\/\\\/unaymilletras.com\\\/wp-content\\\/uploads\\\/2023\\\/06\\\/sef-scaled-e1687187198204.jpeg\",\"contentUrl\":\"https:\\\/\\\/unaymilletras.com\\\/wp-content\\\/uploads\\\/2023\\\/06\\\/sef-scaled-e1687187198204.jpeg\",\"width\":600,\"height\":750,\"caption\":\"Spotify EQUAL FEST\"},{\"@type\":\"BreadcrumbList\",\"@id\":\"https:\\\/\\\/unaymilletras.com\\\/spotify-equal-fest-ya-tiene-el-cartel-completo\\\/#breadcrumb\",\"itemListElement\":[{\"@type\":\"ListItem\",\"position\":1,\"name\":\"Home\",\"item\":\"http:\\\/\\\/unaymilletras.com\\\/\"},{\"@type\":\"ListItem\",\"position\":2,\"name\":\"Spotify EQUAL FEST ya tiene el cartel completo\"}]},{\"@type\":\"WebSite\",\"@id\":\"http:\\\/\\\/unaymilletras.com\\\/#website\",\"url\":\"http:\\\/\\\/unaymilletras.com\\\/\",\"name\":\"Una y Mil Letras\",\"description\":\"\",\"publisher\":{\"@id\":\"http:\\\/\\\/unaymilletras.com\\\/#organization\"},\"potentialAction\":[{\"@type\":\"SearchAction\",\"target\":{\"@type\":\"EntryPoint\",\"urlTemplate\":\"http:\\\/\\\/unaymilletras.com\\\/?s={search_term_string}\"},\"query-input\":{\"@type\":\"PropertyValueSpecification\",\"valueRequired\":true,\"valueName\":\"search_term_string\"}}],\"inLanguage\":\"en-GB\"},{\"@type\":\"Organization\",\"@id\":\"http:\\\/\\\/unaymilletras.com\\\/#organization\",\"name\":\"Una y Mil Letras\",\"url\":\"http:\\\/\\\/unaymilletras.com\\\/\",\"logo\":{\"@type\":\"ImageObject\",\"inLanguage\":\"en-GB\",\"@id\":\"http:\\\/\\\/unaymilletras.com\\\/#\\\/schema\\\/logo\\\/image\\\/\",\"url\":\"https:\\\/\\\/unaymilletras.com\\\/wp-content\\\/uploads\\\/2024\\\/06\\\/cropped-Logo-removebg-preview.png\",\"contentUrl\":\"https:\\\/\\\/unaymilletras.com\\\/wp-content\\\/uploads\\\/2024\\\/06\\\/cropped-Logo-removebg-preview.png\",\"width\":512,\"height\":512,\"caption\":\"Una y Mil Letras\"},\"image\":{\"@id\":\"http:\\\/\\\/unaymilletras.com\\\/#\\\/schema\\\/logo\\\/image\\\/\"},\"sameAs\":[\"https:\\\/\\\/x.com\\\/UnaYMilLetras\",\"https:\\\/\\\/instagram.com\\\/UnaYMilLetras\"]},{\"@type\":\"Person\",\"@id\":\"http:\\\/\\\/unaymilletras.com\\\/#\\\/schema\\\/person\\\/d55ba681b8a4e463d8982dbe36a5dc94\",\"name\":\"Maria Gil Robledo\",\"image\":{\"@type\":\"ImageObject\",\"inLanguage\":\"en-GB\",\"@id\":\"https:\\\/\\\/secure.gravatar.com\\\/avatar\\\/4b8e5102e0015789407eb4870b12f0f2857952d83ca124058f92b764bd1840c3?s=96&d=mm&r=g\",\"url\":\"https:\\\/\\\/secure.gravatar.com\\\/avatar\\\/4b8e5102e0015789407eb4870b12f0f2857952d83ca124058f92b764bd1840c3?s=96&d=mm&r=g\",\"contentUrl\":\"https:\\\/\\\/secure.gravatar.com\\\/avatar\\\/4b8e5102e0015789407eb4870b12f0f2857952d83ca124058f92b764bd1840c3?s=96&d=mm&r=g\",\"caption\":\"Maria Gil Robledo\"},\"sameAs\":[\"http:\\\/\\\/unaymilletras.com\"],\"url\":\"https:\\\/\\\/unaymilletras.com\\\/en\\\/author\\\/mariiagiil02_\\\/\"}]}<\/script>\n<!-- \/ Yoast SEO plugin. -->","yoast_head_json":{"title":"Spotify EQUAL FEST ya tiene el cartel completo &#8902; Una y Mil Letras","description":"El 22 de septiembre el WiZink Center acoger\u00e1 a Ptazeta, Lola \u00edndigo o Nathy Peluso entre otras muchas en el Spotify EQUAL FEST","robots":{"index":"index","follow":"follow","max-snippet":"max-snippet:-1","max-image-preview":"max-image-preview:large","max-video-preview":"max-video-preview:-1"},"canonical":"https:\/\/unaymilletras.com\/en\/spotify-equal-fest-ya-tiene-el-cartel-completo\/","og_locale":"en_GB","og_type":"article","og_title":"Spotify EQUAL FEST ya tiene el cartel completo &#8902; Una y Mil Letras","og_description":"El 22 de septiembre el WiZink Center acoger\u00e1 a Ptazeta, Lola \u00edndigo o Nathy Peluso entre otras muchas en el Spotify EQUAL FEST","og_url":"https:\/\/unaymilletras.com\/en\/spotify-equal-fest-ya-tiene-el-cartel-completo\/","og_site_name":"Una y Mil Letras","article_published_time":"2023-06-19T15:13:46+00:00","article_modified_time":"2023-06-19T15:19:18+00:00","og_image":[{"width":600,"height":750,"url":"https:\/\/unaymilletras.com\/wp-content\/uploads\/2023\/06\/sef-scaled-e1687187198204.jpeg","type":"image\/jpeg"}],"author":"Maria Gil Robledo","twitter_card":"summary_large_image","twitter_creator":"@UnaYMilLetras","twitter_site":"@UnaYMilLetras","twitter_misc":{"Written by":"Maria Gil Robledo","Estimated reading time":"3 minutes"},"schema":{"@context":"https:\/\/schema.org","@graph":[{"@type":"Article","@id":"https:\/\/unaymilletras.com\/spotify-equal-fest-ya-tiene-el-cartel-completo\/#article","isPartOf":{"@id":"https:\/\/unaymilletras.com\/spotify-equal-fest-ya-tiene-el-cartel-completo\/"},"author":{"name":"Maria Gil Robledo","@id":"http:\/\/unaymilletras.com\/#\/schema\/person\/d55ba681b8a4e463d8982dbe36a5dc94"},"headline":"Spotify EQUAL FEST ya tiene el cartel completo","datePublished":"2023-06-19T15:13:46+00:00","dateModified":"2023-06-19T15:19:18+00:00","mainEntityOfPage":{"@id":"https:\/\/unaymilletras.com\/spotify-equal-fest-ya-tiene-el-cartel-completo\/"},"wordCount":423,"commentCount":0,"publisher":{"@id":"http:\/\/unaymilletras.com\/#organization"},"image":{"@id":"https:\/\/unaymilletras.com\/spotify-equal-fest-ya-tiene-el-cartel-completo\/#primaryimage"},"thumbnailUrl":"https:\/\/unaymilletras.com\/wp-content\/uploads\/2023\/06\/sef-scaled-e1687187198204.jpeg","articleSection":["M\u00fasica"],"inLanguage":"en-GB","potentialAction":[{"@type":"CommentAction","name":"Comment","target":["https:\/\/unaymilletras.com\/spotify-equal-fest-ya-tiene-el-cartel-completo\/#respond"]}]},{"@type":"WebPage","@id":"https:\/\/unaymilletras.com\/spotify-equal-fest-ya-tiene-el-cartel-completo\/","url":"https:\/\/unaymilletras.com\/spotify-equal-fest-ya-tiene-el-cartel-completo\/","name":"Spotify EQUAL FEST ya tiene el cartel completo &#8902; Una y Mil Letras","isPartOf":{"@id":"http:\/\/unaymilletras.com\/#website"},"primaryImageOfPage":{"@id":"https:\/\/unaymilletras.com\/spotify-equal-fest-ya-tiene-el-cartel-completo\/#primaryimage"},"image":{"@id":"https:\/\/unaymilletras.com\/spotify-equal-fest-ya-tiene-el-cartel-completo\/#primaryimage"},"thumbnailUrl":"https:\/\/unaymilletras.com\/wp-content\/uploads\/2023\/06\/sef-scaled-e1687187198204.jpeg","datePublished":"2023-06-19T15:13:46+00:00","dateModified":"2023-06-19T15:19:18+00:00","description":"El 22 de septiembre el WiZink Center acoger\u00e1 a Ptazeta, Lola \u00edndigo o Nathy Peluso entre otras muchas en el Spotify EQUAL FEST","breadcrumb":{"@id":"https:\/\/unaymilletras.com\/spotify-equal-fest-ya-tiene-el-cartel-completo\/#breadcrumb"},"inLanguage":"en-GB","potentialAction":[{"@type":"ReadAction","target":["https:\/\/unaymilletras.com\/spotify-equal-fest-ya-tiene-el-cartel-completo\/"]}]},{"@type":"ImageObject","inLanguage":"en-GB","@id":"https:\/\/unaymilletras.com\/spotify-equal-fest-ya-tiene-el-cartel-completo\/#primaryimage","url":"https:\/\/unaymilletras.com\/wp-content\/uploads\/2023\/06\/sef-scaled-e1687187198204.jpeg","contentUrl":"https:\/\/unaymilletras.com\/wp-content\/uploads\/2023\/06\/sef-scaled-e1687187198204.jpeg","width":600,"height":750,"caption":"Spotify EQUAL FEST"},{"@type":"BreadcrumbList","@id":"https:\/\/unaymilletras.com\/spotify-equal-fest-ya-tiene-el-cartel-completo\/#breadcrumb","itemListElement":[{"@type":"ListItem","position":1,"name":"Home","item":"http:\/\/unaymilletras.com\/"},{"@type":"ListItem","position":2,"name":"Spotify EQUAL FEST ya tiene el cartel completo"}]},{"@type":"WebSite","@id":"http:\/\/unaymilletras.com\/#website","url":"http:\/\/unaymilletras.com\/","name":"Una y Mil Letras","description":"","publisher":{"@id":"http:\/\/unaymilletras.com\/#organization"},"potentialAction":[{"@type":"SearchAction","target":{"@type":"EntryPoint","urlTemplate":"http:\/\/unaymilletras.com\/?s={search_term_string}"},"query-input":{"@type":"PropertyValueSpecification","valueRequired":true,"valueName":"search_term_string"}}],"inLanguage":"en-GB"},{"@type":"Organization","@id":"http:\/\/unaymilletras.com\/#organization","name":"Una y Mil Letras","url":"http:\/\/unaymilletras.com\/","logo":{"@type":"ImageObject","inLanguage":"en-GB","@id":"http:\/\/unaymilletras.com\/#\/schema\/logo\/image\/","url":"https:\/\/unaymilletras.com\/wp-content\/uploads\/2024\/06\/cropped-Logo-removebg-preview.png","contentUrl":"https:\/\/unaymilletras.com\/wp-content\/uploads\/2024\/06\/cropped-Logo-removebg-preview.png","width":512,"height":512,"caption":"Una y Mil Letras"},"image":{"@id":"http:\/\/unaymilletras.com\/#\/schema\/logo\/image\/"},"sameAs":["https:\/\/x.com\/UnaYMilLetras","https:\/\/instagram.com\/UnaYMilLetras"]},{"@type":"Person","@id":"http:\/\/unaymilletras.com\/#\/schema\/person\/d55ba681b8a4e463d8982dbe36a5dc94","name":"Maria Gil Robledo","image":{"@type":"ImageObject","inLanguage":"en-GB","@id":"https:\/\/secure.gravatar.com\/avatar\/4b8e5102e0015789407eb4870b12f0f2857952d83ca124058f92b764bd1840c3?s=96&d=mm&r=g","url":"https:\/\/secure.gravatar.com\/avatar\/4b8e5102e0015789407eb4870b12f0f2857952d83ca124058f92b764bd1840c3?s=96&d=mm&r=g","contentUrl":"https:\/\/secure.gravatar.com\/avatar\/4b8e5102e0015789407eb4870b12f0f2857952d83ca124058f92b764bd1840c3?s=96&d=mm&r=g","caption":"Maria Gil Robledo"},"sameAs":["http:\/\/unaymilletras.com"],"url":"https:\/\/unaymilletras.com\/en\/author\/mariiagiil02_\/"}]}},"_links":{"self":[{"href":"https:\/\/unaymilletras.com\/en\/wp-json\/wp\/v2\/posts\/892","targetHints":{"allow":["GET"]}}],"collection":[{"href":"https:\/\/unaymilletras.com\/en\/wp-json\/wp\/v2\/posts"}],"about":[{"href":"https:\/\/unaymilletras.com\/en\/wp-json\/wp\/v2\/types\/post"}],"author":[{"embeddable":true,"href":"https:\/\/unaymilletras.com\/en\/wp-json\/wp\/v2\/users\/1"}],"replies":[{"embeddable":true,"href":"https:\/\/unaymilletras.com\/en\/wp-json\/wp\/v2\/comments?post=892"}],"version-history":[{"count":14,"href":"https:\/\/unaymilletras.com\/en\/wp-json\/wp\/v2\/posts\/892\/revisions"}],"predecessor-version":[{"id":910,"href":"https:\/\/unaymilletras.com\/en\/wp-json\/wp\/v2\/posts\/892\/revisions\/910"}],"wp:featuredmedia":[{"embeddable":true,"href":"https:\/\/unaymilletras.com\/en\/wp-json\/wp\/v2\/media\/894"}],"wp:attachment":[{"href":"https:\/\/unaymilletras.com\/en\/wp-json\/wp\/v2\/media?parent=892"}],"wp:term":[{"taxonomy":"category","embeddable":true,"href":"https:\/\/unaymilletras.com\/en\/wp-json\/wp\/v2\/categories?post=892"},{"taxonomy":"post_tag","embeddable":true,"href":"https:\/\/unaymilletras.com\/en\/wp-json\/wp\/v2\/tags?post=892"}],"curies":[{"name":"wp","href":"https:\/\/api.w.org\/{rel}","templated":true}]}}