{"id":921,"date":"2023-06-27T13:30:00","date_gmt":"2023-06-27T11:30:00","guid":{"rendered":"http:\/\/unaymilletras.com\/?p=921"},"modified":"2023-06-27T12:31:14","modified_gmt":"2023-06-27T10:31:14","slug":"brunch-electronik-madrid-presenta-a-boris-brejcha-in-concert-en-una-edicion-especial-en-ifema","status":"publish","type":"post","link":"https:\/\/unaymilletras.com\/en\/brunch-electronik-madrid-presenta-a-boris-brejcha-in-concert-en-una-edicion-especial-en-ifema\/","title":{"rendered":"Boris Brejcha encabeza el Brunch Electronik Madrid"},"content":{"rendered":"<div data-elementor-type=\"wp-post\" data-elementor-id=\"921\" class=\"elementor elementor-921\">\n\t\t\t\t\t\t<section class=\"elementor-section elementor-top-section elementor-element elementor-element-74ccbe6 elementor-section-boxed elementor-section-height-default elementor-section-height-default\" data-id=\"74ccbe6\" data-element_type=\"section\" data-e-type=\"section\">\n\t\t\t\t\t\t<div class=\"elementor-container elementor-column-gap-default\">\n\t\t\t\t\t<div class=\"elementor-column elementor-col-100 elementor-top-column elementor-element elementor-element-d9ef6d2\" data-id=\"d9ef6d2\" data-element_type=\"column\" data-e-type=\"column\">\n\t\t\t<div class=\"elementor-widget-wrap elementor-element-populated\">\n\t\t\t\t\t\t<div class=\"elementor-element elementor-element-4ff30b6 elementor-widget elementor-widget-text-editor\" data-id=\"4ff30b6\" data-element_type=\"widget\" data-e-type=\"widget\" data-widget_type=\"text-editor.default\">\n\t\t\t\t<div class=\"elementor-widget-container\">\n\t\t\t\t\t\t\t\t\t<h2><span style=\"color: #808080;\">Boris Brejcha encabezar\u00e1 un evento musicalmente vanguardista en la v\u00edspera del D\u00eda de la Hispanidad<\/span><\/h2>\t\t\t\t\t\t\t\t<\/div>\n\t\t\t\t<\/div>\n\t\t\t\t\t<\/div>\n\t\t<\/div>\n\t\t\t\t\t<\/div>\n\t\t<\/section>\n\t\t\t\t<section class=\"elementor-section elementor-top-section elementor-element elementor-element-db0fc02 elementor-section-boxed elementor-section-height-default elementor-section-height-default\" data-id=\"db0fc02\" data-element_type=\"section\" data-e-type=\"section\">\n\t\t\t\t\t\t<div class=\"elementor-container elementor-column-gap-default\">\n\t\t\t\t\t<div class=\"elementor-column elementor-col-100 elementor-top-column elementor-element elementor-element-06cca37\" data-id=\"06cca37\" data-element_type=\"column\" data-e-type=\"column\">\n\t\t\t<div class=\"elementor-widget-wrap elementor-element-populated\">\n\t\t\t\t\t\t<div class=\"elementor-element elementor-element-70c6dff elementor-widget elementor-widget-text-editor\" data-id=\"70c6dff\" data-element_type=\"widget\" data-e-type=\"widget\" data-widget_type=\"text-editor.default\">\n\t\t\t\t<div class=\"elementor-widget-container\">\n\t\t\t\t\t\t\t\t\t<p><b><a href=\"https:\/\/madrid.brunchelectronik.com\/\">Brunch Electronik Madrid<\/a><\/b> anuncia una edici\u00f3n muy especial de su evento, en la cual contar\u00e1 con la participaci\u00f3n de Boris Brejcha in Concert en el Recinto Ferial de IFEMA Madrid. El reconocido productor alem\u00e1n se presentar\u00e1 junto a artistas de Fckng Serious, su sello discogr\u00e1fico.<\/p>\t\t\t\t\t\t\t\t<\/div>\n\t\t\t\t<\/div>\n\t\t\t\t\t<\/div>\n\t\t<\/div>\n\t\t\t\t\t<\/div>\n\t\t<\/section>\n\t\t\t\t<section class=\"elementor-section elementor-top-section elementor-element elementor-element-167d83f elementor-section-boxed elementor-section-height-default elementor-section-height-default\" data-id=\"167d83f\" data-element_type=\"section\" data-e-type=\"section\">\n\t\t\t\t\t\t<div class=\"elementor-container elementor-column-gap-default\">\n\t\t\t\t\t<div class=\"elementor-column elementor-col-50 elementor-top-column elementor-element elementor-element-71a8834\" data-id=\"71a8834\" data-element_type=\"column\" data-e-type=\"column\">\n\t\t\t<div class=\"elementor-widget-wrap elementor-element-populated\">\n\t\t\t\t\t\t<div class=\"elementor-element elementor-element-ad5dcfc elementor-widget elementor-widget-image\" data-id=\"ad5dcfc\" data-element_type=\"widget\" data-e-type=\"widget\" data-widget_type=\"image.default\">\n\t\t\t\t<div class=\"elementor-widget-container\">\n\t\t\t\t\t\t\t\t\t\t\t\t\t\t\t<img fetchpriority=\"high\" decoding=\"async\" width=\"640\" height=\"427\" src=\"https:\/\/unaymilletras.com\/wp-content\/uploads\/2023\/06\/DSC2629-1024x683.jpg\" class=\"attachment-large size-large wp-image-939\" alt=\"Boris Brejcha\" srcset=\"https:\/\/unaymilletras.com\/wp-content\/uploads\/2023\/06\/DSC2629-1024x683.jpg 1024w, https:\/\/unaymilletras.com\/wp-content\/uploads\/2023\/06\/DSC2629-scaled-e1687861255526-300x200.jpg 300w, https:\/\/unaymilletras.com\/wp-content\/uploads\/2023\/06\/DSC2629-768x512.jpg 768w, https:\/\/unaymilletras.com\/wp-content\/uploads\/2023\/06\/DSC2629-1536x1024.jpg 1536w, https:\/\/unaymilletras.com\/wp-content\/uploads\/2023\/06\/DSC2629-2048x1365.jpg 2048w, https:\/\/unaymilletras.com\/wp-content\/uploads\/2023\/06\/DSC2629-scaled-e1687861255526.jpg 600w\" sizes=\"(max-width: 640px) 100vw, 640px\" \/>\t\t\t\t\t\t\t\t\t\t\t\t\t\t\t<\/div>\n\t\t\t\t<\/div>\n\t\t\t\t\t<\/div>\n\t\t<\/div>\n\t\t\t\t<div class=\"elementor-column elementor-col-50 elementor-top-column elementor-element elementor-element-7ee6391\" data-id=\"7ee6391\" data-element_type=\"column\" data-e-type=\"column\">\n\t\t\t<div class=\"elementor-widget-wrap elementor-element-populated\">\n\t\t\t\t\t\t<div class=\"elementor-element elementor-element-ac60e83 elementor-widget elementor-widget-image\" data-id=\"ac60e83\" data-element_type=\"widget\" data-e-type=\"widget\" data-widget_type=\"image.default\">\n\t\t\t\t<div class=\"elementor-widget-container\">\n\t\t\t\t\t\t\t\t\t\t\t\t\t\t\t<img decoding=\"async\" width=\"640\" height=\"423\" src=\"https:\/\/unaymilletras.com\/wp-content\/uploads\/2023\/06\/DSC2462-1024x677.jpg\" class=\"attachment-large size-large wp-image-940\" alt=\"Boris Brejcha\" srcset=\"https:\/\/unaymilletras.com\/wp-content\/uploads\/2023\/06\/DSC2462-1024x677.jpg 1024w, https:\/\/unaymilletras.com\/wp-content\/uploads\/2023\/06\/DSC2462-scaled-e1687861356743-300x199.jpg 300w, https:\/\/unaymilletras.com\/wp-content\/uploads\/2023\/06\/DSC2462-768x508.jpg 768w, https:\/\/unaymilletras.com\/wp-content\/uploads\/2023\/06\/DSC2462-1536x1016.jpg 1536w, https:\/\/unaymilletras.com\/wp-content\/uploads\/2023\/06\/DSC2462-2048x1355.jpg 2048w, https:\/\/unaymilletras.com\/wp-content\/uploads\/2023\/06\/DSC2462-scaled-e1687861356743.jpg 600w\" sizes=\"(max-width: 640px) 100vw, 640px\" \/>\t\t\t\t\t\t\t\t\t\t\t\t\t\t\t<\/div>\n\t\t\t\t<\/div>\n\t\t\t\t\t<\/div>\n\t\t<\/div>\n\t\t\t\t\t<\/div>\n\t\t<\/section>\n\t\t\t\t<section class=\"elementor-section elementor-top-section elementor-element elementor-element-34434ec elementor-section-boxed elementor-section-height-default elementor-section-height-default\" data-id=\"34434ec\" data-element_type=\"section\" data-e-type=\"section\">\n\t\t\t\t\t\t<div class=\"elementor-container elementor-column-gap-default\">\n\t\t\t\t\t<div class=\"elementor-column elementor-col-100 elementor-top-column elementor-element elementor-element-7ce2385\" data-id=\"7ce2385\" data-element_type=\"column\" data-e-type=\"column\">\n\t\t\t<div class=\"elementor-widget-wrap elementor-element-populated\">\n\t\t\t\t\t\t<div class=\"elementor-element elementor-element-11b629f elementor-widget elementor-widget-text-editor\" data-id=\"11b629f\" data-element_type=\"widget\" data-e-type=\"widget\" data-widget_type=\"text-editor.default\">\n\t\t\t\t<div class=\"elementor-widget-container\">\n\t\t\t\t\t\t\t\t\t<p>El evento, que tendr\u00e1 lugar en el Pabell\u00f3n 4 del Recinto Ferial de IFEMA Madrid, contar\u00e1 con la presencia de Boris Brejcha, Ann Clue y Moritz Hofbauer (Live). Este anuncio marca el comienzo de una nueva etapa tras una exitosa temporada primaveral llena de momentos inolvidables y destacados artistas.<\/p><p>La celebraci\u00f3n se llevar\u00e1 a cabo en la v\u00edspera del feriado del D\u00eda de la Hispanidad, el mi\u00e9rcoles 11 de octubre de 2023, con apertura de puertas a las 23:00 horas. Siguiendo la exitosa tem\u00e1tica de eventos anteriores, como Halloween 2022 tambi\u00e9n con Boris Brejcha como protagonista, esta noche promete ser una experiencia musicalmente vanguardista e innovadora. Los asistentes se sumergir\u00e1n en un viaje hipn\u00f3tico de melod\u00edas, con profundos bajos y ritmos contundentes que los invitar\u00e1n a bailar sin lugar a dudas. Ser\u00e1 una experiencia memorable que no se puede perder.<\/p>\t\t\t\t\t\t\t\t<\/div>\n\t\t\t\t<\/div>\n\t\t\t\t\t<\/div>\n\t\t<\/div>\n\t\t\t\t\t<\/div>\n\t\t<\/section>\n\t\t\t\t<section class=\"elementor-section elementor-top-section elementor-element elementor-element-096d98d elementor-section-boxed elementor-section-height-default elementor-section-height-default\" data-id=\"096d98d\" data-element_type=\"section\" data-e-type=\"section\">\n\t\t\t\t\t\t<div class=\"elementor-container elementor-column-gap-default\">\n\t\t\t\t\t<div class=\"elementor-column elementor-col-100 elementor-top-column elementor-element elementor-element-ac64285\" data-id=\"ac64285\" data-element_type=\"column\" data-e-type=\"column\">\n\t\t\t<div class=\"elementor-widget-wrap elementor-element-populated\">\n\t\t\t\t\t\t<div class=\"elementor-element elementor-element-27f995c elementor-widget elementor-widget-image\" data-id=\"27f995c\" data-element_type=\"widget\" data-e-type=\"widget\" data-widget_type=\"image.default\">\n\t\t\t\t<div class=\"elementor-widget-container\">\n\t\t\t\t\t\t\t\t\t\t\t\t\t\t\t<img decoding=\"async\" width=\"640\" height=\"853\" src=\"https:\/\/unaymilletras.com\/wp-content\/uploads\/2023\/06\/DSC2331-768x1024.jpg\" class=\"attachment-large size-large wp-image-941\" alt=\"Boris Brejcha\" srcset=\"https:\/\/unaymilletras.com\/wp-content\/uploads\/2023\/06\/DSC2331-768x1024.jpg 768w, https:\/\/unaymilletras.com\/wp-content\/uploads\/2023\/06\/DSC2331-scaled-e1687861368938-225x300.jpg 225w, https:\/\/unaymilletras.com\/wp-content\/uploads\/2023\/06\/DSC2331-1152x1536.jpg 1152w, https:\/\/unaymilletras.com\/wp-content\/uploads\/2023\/06\/DSC2331-1536x2048.jpg 1536w, https:\/\/unaymilletras.com\/wp-content\/uploads\/2023\/06\/DSC2331-1024x1365.jpg 1024w, https:\/\/unaymilletras.com\/wp-content\/uploads\/2023\/06\/DSC2331-scaled-e1687861368938.jpg 600w\" sizes=\"(max-width: 640px) 100vw, 640px\" \/>\t\t\t\t\t\t\t\t\t\t\t\t\t\t\t<\/div>\n\t\t\t\t<\/div>\n\t\t\t\t\t<\/div>\n\t\t<\/div>\n\t\t\t\t\t<\/div>\n\t\t<\/section>\n\t\t\t\t<section class=\"elementor-section elementor-top-section elementor-element elementor-element-72f2382 elementor-section-boxed elementor-section-height-default elementor-section-height-default\" data-id=\"72f2382\" data-element_type=\"section\" data-e-type=\"section\">\n\t\t\t\t\t\t<div class=\"elementor-container elementor-column-gap-default\">\n\t\t\t\t\t<div class=\"elementor-column elementor-col-100 elementor-top-column elementor-element elementor-element-9bb67de\" data-id=\"9bb67de\" data-element_type=\"column\" data-e-type=\"column\">\n\t\t\t<div class=\"elementor-widget-wrap elementor-element-populated\">\n\t\t\t\t\t\t<div class=\"elementor-element elementor-element-34aeb8b elementor-widget elementor-widget-text-editor\" data-id=\"34aeb8b\" data-element_type=\"widget\" data-e-type=\"widget\" data-widget_type=\"text-editor.default\">\n\t\t\t\t<div class=\"elementor-widget-container\">\n\t\t\t\t\t\t\t\t\t<p>Adem\u00e1s de Boris Brejcha, el line up contar\u00e1 con la talentosa Ann Clue y el joven Moritz Hofbauer, quienes abrir\u00e1n la pista. Ann Clue se destaca por su estilo en\u00e9rgico y cautivador, mientras que Moritz Hofbauer es reconocido por su enfoque minimalista y experimental, transmitiendo una sensaci\u00f3n de introspecci\u00f3n y profundidad.<\/p><p>Las entradas para el evento ya est\u00e1n a la venta, y se ofrecen opciones de VIP Backstage Experience, un ticket premium que brinda la posibilidad de disfrutar de la sesi\u00f3n desde una zona privilegiada cerca de los DJs. Esta es una oportunidad \u00fanica para los amantes de la m\u00fasica electr\u00f3nica de vivir una experiencia inolvidable en un entorno exclusivo.<\/p>\t\t\t\t\t\t\t\t<\/div>\n\t\t\t\t<\/div>\n\t\t\t\t\t<\/div>\n\t\t<\/div>\n\t\t\t\t\t<\/div>\n\t\t<\/section>\n\t\t\t\t<\/div>","protected":false},"excerpt":{"rendered":"<p>Boris Brejcha encabezar\u00e1 un evento musicalmente vanguardista en la v\u00edspera del D\u00eda de la Hispanidad Brunch Electronik Madrid anuncia una edici\u00f3n muy especial de su evento, en la cual contar\u00e1 con la participaci\u00f3n de Boris Brejcha in Concert en el Recinto Ferial de IFEMA Madrid. El reconocido productor alem\u00e1n se presentar\u00e1 junto a artistas de [&hellip;]<\/p>\n","protected":false},"author":1,"featured_media":941,"comment_status":"open","ping_status":"open","sticky":false,"template":"","format":"standard","meta":{"footnotes":""},"categories":[4],"tags":[],"class_list":["post-921","post","type-post","status-publish","format-standard","has-post-thumbnail","hentry","category-musica"],"yoast_head":"<!-- This site is optimized with the Yoast SEO plugin v27.4 - https:\/\/yoast.com\/product\/yoast-seo-wordpress\/ -->\n<title>Boris Brejcha encabeza el Brunch Electronik Madrid &#8902; Una y Mil Letras<\/title>\n<meta name=\"description\" content=\"Boris Brejcha encabezar\u00e1 un evento musicalmente vanguardista en la v\u00edspera del D\u00eda de la Hispanidad en Madrid...\" \/>\n<meta name=\"robots\" content=\"index, follow, max-snippet:-1, max-image-preview:large, max-video-preview:-1\" \/>\n<link rel=\"canonical\" href=\"https:\/\/unaymilletras.com\/en\/brunch-electronik-madrid-presenta-a-boris-brejcha-in-concert-en-una-edicion-especial-en-ifema\/\" \/>\n<meta property=\"og:locale\" content=\"en_GB\" \/>\n<meta property=\"og:type\" content=\"article\" \/>\n<meta property=\"og:title\" content=\"Boris Brejcha encabeza el Brunch Electronik Madrid &#8902; Una y Mil Letras\" \/>\n<meta property=\"og:description\" content=\"Boris Brejcha encabezar\u00e1 un evento musicalmente vanguardista en la v\u00edspera del D\u00eda de la Hispanidad en Madrid...\" \/>\n<meta property=\"og:url\" content=\"https:\/\/unaymilletras.com\/en\/brunch-electronik-madrid-presenta-a-boris-brejcha-in-concert-en-una-edicion-especial-en-ifema\/\" \/>\n<meta property=\"og:site_name\" content=\"Una y Mil Letras\" \/>\n<meta property=\"article:published_time\" content=\"2023-06-27T11:30:00+00:00\" \/>\n<meta property=\"og:image\" content=\"https:\/\/unaymilletras.com\/wp-content\/uploads\/2023\/06\/DSC2331-scaled-e1687861368938.jpg\" \/>\n\t<meta property=\"og:image:width\" content=\"600\" \/>\n\t<meta property=\"og:image:height\" content=\"800\" \/>\n\t<meta property=\"og:image:type\" content=\"image\/jpeg\" \/>\n<meta name=\"author\" content=\"Maria Gil Robledo\" \/>\n<meta name=\"twitter:card\" content=\"summary_large_image\" \/>\n<meta name=\"twitter:creator\" content=\"@UnaYMilLetras\" \/>\n<meta name=\"twitter:site\" content=\"@UnaYMilLetras\" \/>\n<meta name=\"twitter:label1\" content=\"Written by\" \/>\n\t<meta name=\"twitter:data1\" content=\"Maria Gil Robledo\" \/>\n\t<meta name=\"twitter:label2\" content=\"Estimated reading time\" \/>\n\t<meta name=\"twitter:data2\" content=\"3 minutes\" \/>\n<script type=\"application\/ld+json\" class=\"yoast-schema-graph\">{\"@context\":\"https:\\\/\\\/schema.org\",\"@graph\":[{\"@type\":\"Article\",\"@id\":\"https:\\\/\\\/unaymilletras.com\\\/brunch-electronik-madrid-presenta-a-boris-brejcha-in-concert-en-una-edicion-especial-en-ifema\\\/#article\",\"isPartOf\":{\"@id\":\"https:\\\/\\\/unaymilletras.com\\\/brunch-electronik-madrid-presenta-a-boris-brejcha-in-concert-en-una-edicion-especial-en-ifema\\\/\"},\"author\":{\"name\":\"Maria Gil Robledo\",\"@id\":\"http:\\\/\\\/unaymilletras.com\\\/#\\\/schema\\\/person\\\/d55ba681b8a4e463d8982dbe36a5dc94\"},\"headline\":\"Boris Brejcha encabeza el Brunch Electronik Madrid\",\"datePublished\":\"2023-06-27T11:30:00+00:00\",\"mainEntityOfPage\":{\"@id\":\"https:\\\/\\\/unaymilletras.com\\\/brunch-electronik-madrid-presenta-a-boris-brejcha-in-concert-en-una-edicion-especial-en-ifema\\\/\"},\"wordCount\":338,\"commentCount\":0,\"publisher\":{\"@id\":\"http:\\\/\\\/unaymilletras.com\\\/#organization\"},\"image\":{\"@id\":\"https:\\\/\\\/unaymilletras.com\\\/brunch-electronik-madrid-presenta-a-boris-brejcha-in-concert-en-una-edicion-especial-en-ifema\\\/#primaryimage\"},\"thumbnailUrl\":\"https:\\\/\\\/unaymilletras.com\\\/wp-content\\\/uploads\\\/2023\\\/06\\\/DSC2331-scaled-e1687861368938.jpg\",\"articleSection\":[\"M\u00fasica\"],\"inLanguage\":\"en-GB\",\"potentialAction\":[{\"@type\":\"CommentAction\",\"name\":\"Comment\",\"target\":[\"https:\\\/\\\/unaymilletras.com\\\/brunch-electronik-madrid-presenta-a-boris-brejcha-in-concert-en-una-edicion-especial-en-ifema\\\/#respond\"]}]},{\"@type\":\"WebPage\",\"@id\":\"https:\\\/\\\/unaymilletras.com\\\/brunch-electronik-madrid-presenta-a-boris-brejcha-in-concert-en-una-edicion-especial-en-ifema\\\/\",\"url\":\"https:\\\/\\\/unaymilletras.com\\\/brunch-electronik-madrid-presenta-a-boris-brejcha-in-concert-en-una-edicion-especial-en-ifema\\\/\",\"name\":\"Boris Brejcha encabeza el Brunch Electronik Madrid &#8902; Una y Mil Letras\",\"isPartOf\":{\"@id\":\"http:\\\/\\\/unaymilletras.com\\\/#website\"},\"primaryImageOfPage\":{\"@id\":\"https:\\\/\\\/unaymilletras.com\\\/brunch-electronik-madrid-presenta-a-boris-brejcha-in-concert-en-una-edicion-especial-en-ifema\\\/#primaryimage\"},\"image\":{\"@id\":\"https:\\\/\\\/unaymilletras.com\\\/brunch-electronik-madrid-presenta-a-boris-brejcha-in-concert-en-una-edicion-especial-en-ifema\\\/#primaryimage\"},\"thumbnailUrl\":\"https:\\\/\\\/unaymilletras.com\\\/wp-content\\\/uploads\\\/2023\\\/06\\\/DSC2331-scaled-e1687861368938.jpg\",\"datePublished\":\"2023-06-27T11:30:00+00:00\",\"description\":\"Boris Brejcha encabezar\u00e1 un evento musicalmente vanguardista en la v\u00edspera del D\u00eda de la Hispanidad en Madrid...\",\"breadcrumb\":{\"@id\":\"https:\\\/\\\/unaymilletras.com\\\/brunch-electronik-madrid-presenta-a-boris-brejcha-in-concert-en-una-edicion-especial-en-ifema\\\/#breadcrumb\"},\"inLanguage\":\"en-GB\",\"potentialAction\":[{\"@type\":\"ReadAction\",\"target\":[\"https:\\\/\\\/unaymilletras.com\\\/brunch-electronik-madrid-presenta-a-boris-brejcha-in-concert-en-una-edicion-especial-en-ifema\\\/\"]}]},{\"@type\":\"ImageObject\",\"inLanguage\":\"en-GB\",\"@id\":\"https:\\\/\\\/unaymilletras.com\\\/brunch-electronik-madrid-presenta-a-boris-brejcha-in-concert-en-una-edicion-especial-en-ifema\\\/#primaryimage\",\"url\":\"https:\\\/\\\/unaymilletras.com\\\/wp-content\\\/uploads\\\/2023\\\/06\\\/DSC2331-scaled-e1687861368938.jpg\",\"contentUrl\":\"https:\\\/\\\/unaymilletras.com\\\/wp-content\\\/uploads\\\/2023\\\/06\\\/DSC2331-scaled-e1687861368938.jpg\",\"width\":600,\"height\":800,\"caption\":\"Boris Brejcha\"},{\"@type\":\"BreadcrumbList\",\"@id\":\"https:\\\/\\\/unaymilletras.com\\\/brunch-electronik-madrid-presenta-a-boris-brejcha-in-concert-en-una-edicion-especial-en-ifema\\\/#breadcrumb\",\"itemListElement\":[{\"@type\":\"ListItem\",\"position\":1,\"name\":\"Home\",\"item\":\"http:\\\/\\\/unaymilletras.com\\\/\"},{\"@type\":\"ListItem\",\"position\":2,\"name\":\"Boris Brejcha encabeza el Brunch Electronik Madrid\"}]},{\"@type\":\"WebSite\",\"@id\":\"http:\\\/\\\/unaymilletras.com\\\/#website\",\"url\":\"http:\\\/\\\/unaymilletras.com\\\/\",\"name\":\"Una y Mil Letras\",\"description\":\"\",\"publisher\":{\"@id\":\"http:\\\/\\\/unaymilletras.com\\\/#organization\"},\"potentialAction\":[{\"@type\":\"SearchAction\",\"target\":{\"@type\":\"EntryPoint\",\"urlTemplate\":\"http:\\\/\\\/unaymilletras.com\\\/?s={search_term_string}\"},\"query-input\":{\"@type\":\"PropertyValueSpecification\",\"valueRequired\":true,\"valueName\":\"search_term_string\"}}],\"inLanguage\":\"en-GB\"},{\"@type\":\"Organization\",\"@id\":\"http:\\\/\\\/unaymilletras.com\\\/#organization\",\"name\":\"Una y Mil Letras\",\"url\":\"http:\\\/\\\/unaymilletras.com\\\/\",\"logo\":{\"@type\":\"ImageObject\",\"inLanguage\":\"en-GB\",\"@id\":\"http:\\\/\\\/unaymilletras.com\\\/#\\\/schema\\\/logo\\\/image\\\/\",\"url\":\"https:\\\/\\\/unaymilletras.com\\\/wp-content\\\/uploads\\\/2024\\\/06\\\/cropped-Logo-removebg-preview.png\",\"contentUrl\":\"https:\\\/\\\/unaymilletras.com\\\/wp-content\\\/uploads\\\/2024\\\/06\\\/cropped-Logo-removebg-preview.png\",\"width\":512,\"height\":512,\"caption\":\"Una y Mil Letras\"},\"image\":{\"@id\":\"http:\\\/\\\/unaymilletras.com\\\/#\\\/schema\\\/logo\\\/image\\\/\"},\"sameAs\":[\"https:\\\/\\\/x.com\\\/UnaYMilLetras\",\"https:\\\/\\\/instagram.com\\\/UnaYMilLetras\"]},{\"@type\":\"Person\",\"@id\":\"http:\\\/\\\/unaymilletras.com\\\/#\\\/schema\\\/person\\\/d55ba681b8a4e463d8982dbe36a5dc94\",\"name\":\"Maria Gil Robledo\",\"image\":{\"@type\":\"ImageObject\",\"inLanguage\":\"en-GB\",\"@id\":\"https:\\\/\\\/secure.gravatar.com\\\/avatar\\\/4b8e5102e0015789407eb4870b12f0f2857952d83ca124058f92b764bd1840c3?s=96&d=mm&r=g\",\"url\":\"https:\\\/\\\/secure.gravatar.com\\\/avatar\\\/4b8e5102e0015789407eb4870b12f0f2857952d83ca124058f92b764bd1840c3?s=96&d=mm&r=g\",\"contentUrl\":\"https:\\\/\\\/secure.gravatar.com\\\/avatar\\\/4b8e5102e0015789407eb4870b12f0f2857952d83ca124058f92b764bd1840c3?s=96&d=mm&r=g\",\"caption\":\"Maria Gil Robledo\"},\"sameAs\":[\"http:\\\/\\\/unaymilletras.com\"],\"url\":\"https:\\\/\\\/unaymilletras.com\\\/en\\\/author\\\/mariiagiil02_\\\/\"}]}<\/script>\n<!-- \/ Yoast SEO plugin. -->","yoast_head_json":{"title":"Boris Brejcha encabeza el Brunch Electronik Madrid &#8902; Una y Mil Letras","description":"Boris Brejcha encabezar\u00e1 un evento musicalmente vanguardista en la v\u00edspera del D\u00eda de la Hispanidad en Madrid...","robots":{"index":"index","follow":"follow","max-snippet":"max-snippet:-1","max-image-preview":"max-image-preview:large","max-video-preview":"max-video-preview:-1"},"canonical":"https:\/\/unaymilletras.com\/en\/brunch-electronik-madrid-presenta-a-boris-brejcha-in-concert-en-una-edicion-especial-en-ifema\/","og_locale":"en_GB","og_type":"article","og_title":"Boris Brejcha encabeza el Brunch Electronik Madrid &#8902; Una y Mil Letras","og_description":"Boris Brejcha encabezar\u00e1 un evento musicalmente vanguardista en la v\u00edspera del D\u00eda de la Hispanidad en Madrid...","og_url":"https:\/\/unaymilletras.com\/en\/brunch-electronik-madrid-presenta-a-boris-brejcha-in-concert-en-una-edicion-especial-en-ifema\/","og_site_name":"Una y Mil Letras","article_published_time":"2023-06-27T11:30:00+00:00","og_image":[{"width":600,"height":800,"url":"https:\/\/unaymilletras.com\/wp-content\/uploads\/2023\/06\/DSC2331-scaled-e1687861368938.jpg","type":"image\/jpeg"}],"author":"Maria Gil Robledo","twitter_card":"summary_large_image","twitter_creator":"@UnaYMilLetras","twitter_site":"@UnaYMilLetras","twitter_misc":{"Written by":"Maria Gil Robledo","Estimated reading time":"3 minutes"},"schema":{"@context":"https:\/\/schema.org","@graph":[{"@type":"Article","@id":"https:\/\/unaymilletras.com\/brunch-electronik-madrid-presenta-a-boris-brejcha-in-concert-en-una-edicion-especial-en-ifema\/#article","isPartOf":{"@id":"https:\/\/unaymilletras.com\/brunch-electronik-madrid-presenta-a-boris-brejcha-in-concert-en-una-edicion-especial-en-ifema\/"},"author":{"name":"Maria Gil Robledo","@id":"http:\/\/unaymilletras.com\/#\/schema\/person\/d55ba681b8a4e463d8982dbe36a5dc94"},"headline":"Boris Brejcha encabeza el Brunch Electronik Madrid","datePublished":"2023-06-27T11:30:00+00:00","mainEntityOfPage":{"@id":"https:\/\/unaymilletras.com\/brunch-electronik-madrid-presenta-a-boris-brejcha-in-concert-en-una-edicion-especial-en-ifema\/"},"wordCount":338,"commentCount":0,"publisher":{"@id":"http:\/\/unaymilletras.com\/#organization"},"image":{"@id":"https:\/\/unaymilletras.com\/brunch-electronik-madrid-presenta-a-boris-brejcha-in-concert-en-una-edicion-especial-en-ifema\/#primaryimage"},"thumbnailUrl":"https:\/\/unaymilletras.com\/wp-content\/uploads\/2023\/06\/DSC2331-scaled-e1687861368938.jpg","articleSection":["M\u00fasica"],"inLanguage":"en-GB","potentialAction":[{"@type":"CommentAction","name":"Comment","target":["https:\/\/unaymilletras.com\/brunch-electronik-madrid-presenta-a-boris-brejcha-in-concert-en-una-edicion-especial-en-ifema\/#respond"]}]},{"@type":"WebPage","@id":"https:\/\/unaymilletras.com\/brunch-electronik-madrid-presenta-a-boris-brejcha-in-concert-en-una-edicion-especial-en-ifema\/","url":"https:\/\/unaymilletras.com\/brunch-electronik-madrid-presenta-a-boris-brejcha-in-concert-en-una-edicion-especial-en-ifema\/","name":"Boris Brejcha encabeza el Brunch Electronik Madrid &#8902; Una y Mil Letras","isPartOf":{"@id":"http:\/\/unaymilletras.com\/#website"},"primaryImageOfPage":{"@id":"https:\/\/unaymilletras.com\/brunch-electronik-madrid-presenta-a-boris-brejcha-in-concert-en-una-edicion-especial-en-ifema\/#primaryimage"},"image":{"@id":"https:\/\/unaymilletras.com\/brunch-electronik-madrid-presenta-a-boris-brejcha-in-concert-en-una-edicion-especial-en-ifema\/#primaryimage"},"thumbnailUrl":"https:\/\/unaymilletras.com\/wp-content\/uploads\/2023\/06\/DSC2331-scaled-e1687861368938.jpg","datePublished":"2023-06-27T11:30:00+00:00","description":"Boris Brejcha encabezar\u00e1 un evento musicalmente vanguardista en la v\u00edspera del D\u00eda de la Hispanidad en Madrid...","breadcrumb":{"@id":"https:\/\/unaymilletras.com\/brunch-electronik-madrid-presenta-a-boris-brejcha-in-concert-en-una-edicion-especial-en-ifema\/#breadcrumb"},"inLanguage":"en-GB","potentialAction":[{"@type":"ReadAction","target":["https:\/\/unaymilletras.com\/brunch-electronik-madrid-presenta-a-boris-brejcha-in-concert-en-una-edicion-especial-en-ifema\/"]}]},{"@type":"ImageObject","inLanguage":"en-GB","@id":"https:\/\/unaymilletras.com\/brunch-electronik-madrid-presenta-a-boris-brejcha-in-concert-en-una-edicion-especial-en-ifema\/#primaryimage","url":"https:\/\/unaymilletras.com\/wp-content\/uploads\/2023\/06\/DSC2331-scaled-e1687861368938.jpg","contentUrl":"https:\/\/unaymilletras.com\/wp-content\/uploads\/2023\/06\/DSC2331-scaled-e1687861368938.jpg","width":600,"height":800,"caption":"Boris Brejcha"},{"@type":"BreadcrumbList","@id":"https:\/\/unaymilletras.com\/brunch-electronik-madrid-presenta-a-boris-brejcha-in-concert-en-una-edicion-especial-en-ifema\/#breadcrumb","itemListElement":[{"@type":"ListItem","position":1,"name":"Home","item":"http:\/\/unaymilletras.com\/"},{"@type":"ListItem","position":2,"name":"Boris Brejcha encabeza el Brunch Electronik Madrid"}]},{"@type":"WebSite","@id":"http:\/\/unaymilletras.com\/#website","url":"http:\/\/unaymilletras.com\/","name":"Una y Mil Letras","description":"","publisher":{"@id":"http:\/\/unaymilletras.com\/#organization"},"potentialAction":[{"@type":"SearchAction","target":{"@type":"EntryPoint","urlTemplate":"http:\/\/unaymilletras.com\/?s={search_term_string}"},"query-input":{"@type":"PropertyValueSpecification","valueRequired":true,"valueName":"search_term_string"}}],"inLanguage":"en-GB"},{"@type":"Organization","@id":"http:\/\/unaymilletras.com\/#organization","name":"Una y Mil Letras","url":"http:\/\/unaymilletras.com\/","logo":{"@type":"ImageObject","inLanguage":"en-GB","@id":"http:\/\/unaymilletras.com\/#\/schema\/logo\/image\/","url":"https:\/\/unaymilletras.com\/wp-content\/uploads\/2024\/06\/cropped-Logo-removebg-preview.png","contentUrl":"https:\/\/unaymilletras.com\/wp-content\/uploads\/2024\/06\/cropped-Logo-removebg-preview.png","width":512,"height":512,"caption":"Una y Mil Letras"},"image":{"@id":"http:\/\/unaymilletras.com\/#\/schema\/logo\/image\/"},"sameAs":["https:\/\/x.com\/UnaYMilLetras","https:\/\/instagram.com\/UnaYMilLetras"]},{"@type":"Person","@id":"http:\/\/unaymilletras.com\/#\/schema\/person\/d55ba681b8a4e463d8982dbe36a5dc94","name":"Maria Gil Robledo","image":{"@type":"ImageObject","inLanguage":"en-GB","@id":"https:\/\/secure.gravatar.com\/avatar\/4b8e5102e0015789407eb4870b12f0f2857952d83ca124058f92b764bd1840c3?s=96&d=mm&r=g","url":"https:\/\/secure.gravatar.com\/avatar\/4b8e5102e0015789407eb4870b12f0f2857952d83ca124058f92b764bd1840c3?s=96&d=mm&r=g","contentUrl":"https:\/\/secure.gravatar.com\/avatar\/4b8e5102e0015789407eb4870b12f0f2857952d83ca124058f92b764bd1840c3?s=96&d=mm&r=g","caption":"Maria Gil Robledo"},"sameAs":["http:\/\/unaymilletras.com"],"url":"https:\/\/unaymilletras.com\/en\/author\/mariiagiil02_\/"}]}},"_links":{"self":[{"href":"https:\/\/unaymilletras.com\/en\/wp-json\/wp\/v2\/posts\/921","targetHints":{"allow":["GET"]}}],"collection":[{"href":"https:\/\/unaymilletras.com\/en\/wp-json\/wp\/v2\/posts"}],"about":[{"href":"https:\/\/unaymilletras.com\/en\/wp-json\/wp\/v2\/types\/post"}],"author":[{"embeddable":true,"href":"https:\/\/unaymilletras.com\/en\/wp-json\/wp\/v2\/users\/1"}],"replies":[{"embeddable":true,"href":"https:\/\/unaymilletras.com\/en\/wp-json\/wp\/v2\/comments?post=921"}],"version-history":[{"count":13,"href":"https:\/\/unaymilletras.com\/en\/wp-json\/wp\/v2\/posts\/921\/revisions"}],"predecessor-version":[{"id":945,"href":"https:\/\/unaymilletras.com\/en\/wp-json\/wp\/v2\/posts\/921\/revisions\/945"}],"wp:featuredmedia":[{"embeddable":true,"href":"https:\/\/unaymilletras.com\/en\/wp-json\/wp\/v2\/media\/941"}],"wp:attachment":[{"href":"https:\/\/unaymilletras.com\/en\/wp-json\/wp\/v2\/media?parent=921"}],"wp:term":[{"taxonomy":"category","embeddable":true,"href":"https:\/\/unaymilletras.com\/en\/wp-json\/wp\/v2\/categories?post=921"},{"taxonomy":"post_tag","embeddable":true,"href":"https:\/\/unaymilletras.com\/en\/wp-json\/wp\/v2\/tags?post=921"}],"curies":[{"name":"wp","href":"https:\/\/api.w.org\/{rel}","templated":true}]}}