{"id":931,"date":"2023-06-26T19:11:06","date_gmt":"2023-06-26T17:11:06","guid":{"rendered":"http:\/\/unaymilletras.com\/?p=931"},"modified":"2023-06-26T19:11:15","modified_gmt":"2023-06-26T17:11:15","slug":"christmas-by-starlite-un-festival-musical-madrid","status":"publish","type":"post","link":"https:\/\/unaymilletras.com\/en\/christmas-by-starlite-un-festival-musical-madrid\/","title":{"rendered":"Christmas by Starlite, un festival musical \u00fanico en Madrid"},"content":{"rendered":"<div data-elementor-type=\"wp-post\" data-elementor-id=\"931\" class=\"elementor elementor-931\">\n\t\t\t\t\t\t<section class=\"elementor-section elementor-top-section elementor-element elementor-element-f8a3ae0 elementor-section-boxed elementor-section-height-default elementor-section-height-default\" data-id=\"f8a3ae0\" data-element_type=\"section\" data-e-type=\"section\">\n\t\t\t\t\t\t<div class=\"elementor-container elementor-column-gap-default\">\n\t\t\t\t\t<div class=\"elementor-column elementor-col-100 elementor-top-column elementor-element elementor-element-0141933\" data-id=\"0141933\" data-element_type=\"column\" data-e-type=\"column\">\n\t\t\t<div class=\"elementor-widget-wrap elementor-element-populated\">\n\t\t\t\t\t\t<div class=\"elementor-element elementor-element-22d37d3 elementor-widget elementor-widget-text-editor\" data-id=\"22d37d3\" data-element_type=\"widget\" data-e-type=\"widget\" data-widget_type=\"text-editor.default\">\n\t\t\t\t<div class=\"elementor-widget-container\">\n\t\t\t\t\t\t\t\t\t<h2><span style=\"color: #808080;\">Sting encabezar\u00e1 el cartel de Christmas by Starlite en IFEMA MADRID con su aclamado tour My Songs<\/span><\/h2>\t\t\t\t\t\t\t\t<\/div>\n\t\t\t\t<\/div>\n\t\t\t\t\t<\/div>\n\t\t<\/div>\n\t\t\t\t\t<\/div>\n\t\t<\/section>\n\t\t\t\t<section class=\"elementor-section elementor-top-section elementor-element elementor-element-3db26a9 elementor-section-boxed elementor-section-height-default elementor-section-height-default\" data-id=\"3db26a9\" data-element_type=\"section\" data-e-type=\"section\">\n\t\t\t\t\t\t<div class=\"elementor-container elementor-column-gap-default\">\n\t\t\t\t\t<div class=\"elementor-column elementor-col-100 elementor-top-column elementor-element elementor-element-52764f3\" data-id=\"52764f3\" data-element_type=\"column\" data-e-type=\"column\">\n\t\t\t<div class=\"elementor-widget-wrap elementor-element-populated\">\n\t\t\t\t\t\t<div class=\"elementor-element elementor-element-8cabd5b elementor-widget elementor-widget-text-editor\" data-id=\"8cabd5b\" data-element_type=\"widget\" data-e-type=\"widget\" data-widget_type=\"text-editor.default\">\n\t\t\t\t<div class=\"elementor-widget-container\">\n\t\t\t\t\t\t\t\t\t<p>El <b>Grupo Starlite<\/b> e <b>IFEMA MADRID<\/b> han anunciado un acuerdo para coorganizar el festival <b>Christmas by Starlite<\/b> en los pabellones del recinto ferial. Este es nuevo formato del reconocido festival <b>Starlite Occident<\/b> de Marbella.&nbsp;<\/p><p>Traer\u00e1 consigo una experiencia m\u00e1gica a trav\u00e9s de un ciclo de grandes conciertos, que contar\u00e1 con estrellas de renombre internacional y nacional. El evento se llevar\u00e1 a cabo los d\u00edas <b>14, 15 y 16 de diciembre<\/b> en el Pabell\u00f3n 6 de IFEMA MADRID. Promete elevar la oferta musical, cultural y de ocio de la capital durante la temporada navide\u00f1a.<\/p>\t\t\t\t\t\t\t\t<\/div>\n\t\t\t\t<\/div>\n\t\t\t\t\t<\/div>\n\t\t<\/div>\n\t\t\t\t\t<\/div>\n\t\t<\/section>\n\t\t\t\t<section class=\"elementor-section elementor-top-section elementor-element elementor-element-d6db0be elementor-section-boxed elementor-section-height-default elementor-section-height-default\" data-id=\"d6db0be\" data-element_type=\"section\" data-e-type=\"section\">\n\t\t\t\t\t\t<div class=\"elementor-container elementor-column-gap-default\">\n\t\t\t\t\t<div class=\"elementor-column elementor-col-100 elementor-top-column elementor-element elementor-element-822d242\" data-id=\"822d242\" data-element_type=\"column\" data-e-type=\"column\">\n\t\t\t<div class=\"elementor-widget-wrap elementor-element-populated\">\n\t\t\t\t\t\t<div class=\"elementor-element elementor-element-fc3e62a elementor-widget elementor-widget-image\" data-id=\"fc3e62a\" data-element_type=\"widget\" data-e-type=\"widget\" data-widget_type=\"image.default\">\n\t\t\t\t<div class=\"elementor-widget-container\">\n\t\t\t\t\t\t\t\t\t\t\t\t\t\t\t<img fetchpriority=\"high\" decoding=\"async\" width=\"640\" height=\"279\" src=\"https:\/\/unaymilletras.com\/wp-content\/uploads\/2023\/06\/Cartel-Christmas-by-Starlite-en-IFEMA-MADRID-1024x447.jpeg\" class=\"attachment-large size-large wp-image-934\" alt=\"Christmas by Starlite\" srcset=\"https:\/\/unaymilletras.com\/wp-content\/uploads\/2023\/06\/Cartel-Christmas-by-Starlite-en-IFEMA-MADRID-1024x447.jpeg 1024w, https:\/\/unaymilletras.com\/wp-content\/uploads\/2023\/06\/Cartel-Christmas-by-Starlite-en-IFEMA-MADRID-e1687798888618-300x131.jpeg 300w, https:\/\/unaymilletras.com\/wp-content\/uploads\/2023\/06\/Cartel-Christmas-by-Starlite-en-IFEMA-MADRID-768x335.jpeg 768w, https:\/\/unaymilletras.com\/wp-content\/uploads\/2023\/06\/Cartel-Christmas-by-Starlite-en-IFEMA-MADRID-e1687798888618.jpeg 600w\" sizes=\"(max-width: 640px) 100vw, 640px\" \/>\t\t\t\t\t\t\t\t\t\t\t\t\t\t\t<\/div>\n\t\t\t\t<\/div>\n\t\t\t\t\t<\/div>\n\t\t<\/div>\n\t\t\t\t\t<\/div>\n\t\t<\/section>\n\t\t\t\t<section class=\"elementor-section elementor-top-section elementor-element elementor-element-68119c7 elementor-section-boxed elementor-section-height-default elementor-section-height-default\" data-id=\"68119c7\" data-element_type=\"section\" data-e-type=\"section\">\n\t\t\t\t\t\t<div class=\"elementor-container elementor-column-gap-default\">\n\t\t\t\t\t<div class=\"elementor-column elementor-col-100 elementor-top-column elementor-element elementor-element-2b163ac\" data-id=\"2b163ac\" data-element_type=\"column\" data-e-type=\"column\">\n\t\t\t<div class=\"elementor-widget-wrap elementor-element-populated\">\n\t\t\t\t\t\t<div class=\"elementor-element elementor-element-12409c4 elementor-widget elementor-widget-text-editor\" data-id=\"12409c4\" data-element_type=\"widget\" data-e-type=\"widget\" data-widget_type=\"text-editor.default\">\n\t\t\t\t<div class=\"elementor-widget-container\">\n\t\t\t\t\t\t\t\t\t<p>El primer gran anuncio para el cartel de Christmas by Starlite en IFEMA MADRID es la incorporaci\u00f3n del reconocido m\u00fasico brit\u00e1nico <b>Sting<\/b>. El aclamado artista ofrecer\u00e1 un concierto especial de su tour My Songs el viernes 15 de diciembre. My Songs es un espect\u00e1culo exuberante y din\u00e1mico que presenta las canciones m\u00e1s queridas de Sting, tanto de su carrera en solitario como con <b>The Police<\/b>.&nbsp;<\/p><p>El concierto promete un viaje musical a trav\u00e9s de \u00e9xitos como <i>Fields of Gold<\/i>, <i>Shape of my Heart<\/i>, <i>Roxanne<\/i>&nbsp;y <i>Demolition Man<\/i>, entre otros. Sting estar\u00e1 acompa\u00f1ado por una banda de rock el\u00e9ctrico y contar\u00e1 con Joe Sumner como artista invitado.<\/p>\n<p>Los miembros del Club de Fans de Sting tendr\u00e1n la oportunidad de acceder a entradas exclusivas en preventa el pr\u00f3ximo martes 27 de junio a las 10:00h, visitando la <a href=\"http:\/\/www.sting.com\">p\u00e1gina del artista<\/a>. Las entradas para el p\u00fablico general estar\u00e1n disponibles a la venta el mi\u00e9rcoles 28 de junio a las 12:00h a trav\u00e9s de la <a href=\"http:\/\/www.christmasbystarlite.com\">web del evento<\/a>.<\/p>\t\t\t\t\t\t\t\t<\/div>\n\t\t\t\t<\/div>\n\t\t\t\t\t<\/div>\n\t\t<\/div>\n\t\t\t\t\t<\/div>\n\t\t<\/section>\n\t\t\t\t<section class=\"elementor-section elementor-top-section elementor-element elementor-element-619f211 elementor-section-boxed elementor-section-height-default elementor-section-height-default\" data-id=\"619f211\" data-element_type=\"section\" data-e-type=\"section\">\n\t\t\t\t\t\t<div class=\"elementor-container elementor-column-gap-default\">\n\t\t\t\t\t<div class=\"elementor-column elementor-col-100 elementor-top-column elementor-element elementor-element-78a038a\" data-id=\"78a038a\" data-element_type=\"column\" data-e-type=\"column\">\n\t\t\t<div class=\"elementor-widget-wrap elementor-element-populated\">\n\t\t\t\t\t\t<div class=\"elementor-element elementor-element-9c4e513 elementor-widget elementor-widget-image\" data-id=\"9c4e513\" data-element_type=\"widget\" data-e-type=\"widget\" data-widget_type=\"image.default\">\n\t\t\t\t<div class=\"elementor-widget-container\">\n\t\t\t\t\t\t\t\t\t\t\t\t\t\t\t<img decoding=\"async\" width=\"640\" height=\"640\" src=\"https:\/\/unaymilletras.com\/wp-content\/uploads\/2023\/06\/LG_STING_20232-1-1024x1024.jpeg\" class=\"attachment-large size-large wp-image-933\" alt=\"Christmas by Starlite\" srcset=\"https:\/\/unaymilletras.com\/wp-content\/uploads\/2023\/06\/LG_STING_20232-1-1024x1024.jpeg 1024w, https:\/\/unaymilletras.com\/wp-content\/uploads\/2023\/06\/LG_STING_20232-1-e1687798922830-300x300.jpeg 300w, https:\/\/unaymilletras.com\/wp-content\/uploads\/2023\/06\/LG_STING_20232-1-e1687798922830-150x150.jpeg 150w, https:\/\/unaymilletras.com\/wp-content\/uploads\/2023\/06\/LG_STING_20232-1-768x768.jpeg 768w, https:\/\/unaymilletras.com\/wp-content\/uploads\/2023\/06\/LG_STING_20232-1-e1687798922830.jpeg 600w\" sizes=\"(max-width: 640px) 100vw, 640px\" \/>\t\t\t\t\t\t\t\t\t\t\t\t\t\t\t<\/div>\n\t\t\t\t<\/div>\n\t\t\t\t\t<\/div>\n\t\t<\/div>\n\t\t\t\t\t<\/div>\n\t\t<\/section>\n\t\t\t\t<section class=\"elementor-section elementor-top-section elementor-element elementor-element-6f74d2c elementor-section-boxed elementor-section-height-default elementor-section-height-default\" data-id=\"6f74d2c\" data-element_type=\"section\" data-e-type=\"section\">\n\t\t\t\t\t\t<div class=\"elementor-container elementor-column-gap-default\">\n\t\t\t\t\t<div class=\"elementor-column elementor-col-100 elementor-top-column elementor-element elementor-element-d80ce5f\" data-id=\"d80ce5f\" data-element_type=\"column\" data-e-type=\"column\">\n\t\t\t<div class=\"elementor-widget-wrap elementor-element-populated\">\n\t\t\t\t\t\t<div class=\"elementor-element elementor-element-bfa89ce elementor-widget elementor-widget-text-editor\" data-id=\"bfa89ce\" data-element_type=\"widget\" data-e-type=\"widget\" data-widget_type=\"text-editor.default\">\n\t\t\t\t<div class=\"elementor-widget-container\">\n\t\t\t\t\t\t\t\t\t<p>Christmas by Starlite en IFEMA MADRID promete ofrecer una experiencia \u00fanica, combinando conciertos de primer nivel, tecnolog\u00eda innovadora y una amplia oferta de ocio y gastronom\u00eda. El evento contar\u00e1 con un espectacular auditorio con \u00e1reas definidas de gradas, platea y palcos VIP, y se espera que sea una cita imprescindible para los amantes de la m\u00fasica y las experiencias inspiradoras.&nbsp;<\/p><p>Los organizadores prometen sorpresas emocionantes y una navidad inolvidable para los asistentes que se adentren en el mundo de ilusi\u00f3n y magia de Christmas by Starlite en IFEMA MADRID.<\/p>\n<p>Con esta colaboraci\u00f3n, el Grupo Starlite y IFEMA MADRID demuestran su compromiso por ofrecer eventos de calidad y contribuir al desarrollo cultural y de ocio de la capital espa\u00f1ola. Christmas by Starlite promete convertirse en un referente musical y una cita ineludible durante la temporada navide\u00f1a en Madrid.<\/p>\t\t\t\t\t\t\t\t<\/div>\n\t\t\t\t<\/div>\n\t\t\t\t\t<\/div>\n\t\t<\/div>\n\t\t\t\t\t<\/div>\n\t\t<\/section>\n\t\t\t\t<\/div>","protected":false},"excerpt":{"rendered":"<p>Sting encabezar\u00e1 el cartel de Christmas by Starlite en IFEMA MADRID con su aclamado tour My Songs El Grupo Starlite e IFEMA MADRID han anunciado un acuerdo para coorganizar el festival Christmas by Starlite en los pabellones del recinto ferial. Este es nuevo formato del reconocido festival Starlite Occident de Marbella.&nbsp; Traer\u00e1 consigo una experiencia [&hellip;]<\/p>\n","protected":false},"author":1,"featured_media":934,"comment_status":"open","ping_status":"open","sticky":false,"template":"","format":"standard","meta":{"footnotes":""},"categories":[4],"tags":[],"class_list":["post-931","post","type-post","status-publish","format-standard","has-post-thumbnail","hentry","category-musica"],"yoast_head":"<!-- This site is optimized with the Yoast SEO plugin v27.4 - https:\/\/yoast.com\/product\/yoast-seo-wordpress\/ -->\n<title>Christmas by Starlite, un festival musical \u00fanico en Madrid &#8902; Una y Mil Letras<\/title>\n<meta name=\"description\" content=\"Sting encabezar\u00e1 el cartel del festival Christmas by Starlite en IFEMA MADRID con su aclamado tour My Songs\" \/>\n<meta name=\"robots\" content=\"index, follow, max-snippet:-1, max-image-preview:large, max-video-preview:-1\" \/>\n<link rel=\"canonical\" href=\"https:\/\/unaymilletras.com\/en\/christmas-by-starlite-un-festival-musical-madrid\/\" \/>\n<meta property=\"og:locale\" content=\"en_GB\" \/>\n<meta property=\"og:type\" content=\"article\" \/>\n<meta property=\"og:title\" content=\"Christmas by Starlite, un festival musical \u00fanico en Madrid &#8902; Una y Mil Letras\" \/>\n<meta property=\"og:description\" content=\"Sting encabezar\u00e1 el cartel del festival Christmas by Starlite en IFEMA MADRID con su aclamado tour My Songs\" \/>\n<meta property=\"og:url\" content=\"https:\/\/unaymilletras.com\/en\/christmas-by-starlite-un-festival-musical-madrid\/\" \/>\n<meta property=\"og:site_name\" content=\"Una y Mil Letras\" \/>\n<meta property=\"article:published_time\" content=\"2023-06-26T17:11:06+00:00\" \/>\n<meta property=\"article:modified_time\" content=\"2023-06-26T17:11:15+00:00\" \/>\n<meta property=\"og:image\" content=\"https:\/\/unaymilletras.com\/wp-content\/uploads\/2023\/06\/Cartel-Christmas-by-Starlite-en-IFEMA-MADRID-e1687798888618.jpeg\" \/>\n\t<meta property=\"og:image:width\" content=\"600\" \/>\n\t<meta property=\"og:image:height\" content=\"262\" \/>\n\t<meta property=\"og:image:type\" content=\"image\/jpeg\" \/>\n<meta name=\"author\" content=\"Maria Gil Robledo\" \/>\n<meta name=\"twitter:card\" content=\"summary_large_image\" \/>\n<meta name=\"twitter:creator\" content=\"@UnaYMilLetras\" \/>\n<meta name=\"twitter:site\" content=\"@UnaYMilLetras\" \/>\n<meta name=\"twitter:label1\" content=\"Written by\" \/>\n\t<meta name=\"twitter:data1\" content=\"Maria Gil Robledo\" \/>\n\t<meta name=\"twitter:label2\" content=\"Estimated reading time\" \/>\n\t<meta name=\"twitter:data2\" content=\"3 minutes\" \/>\n<script type=\"application\/ld+json\" class=\"yoast-schema-graph\">{\"@context\":\"https:\\\/\\\/schema.org\",\"@graph\":[{\"@type\":\"Article\",\"@id\":\"https:\\\/\\\/unaymilletras.com\\\/christmas-by-starlite-un-festival-musical-madrid\\\/#article\",\"isPartOf\":{\"@id\":\"https:\\\/\\\/unaymilletras.com\\\/christmas-by-starlite-un-festival-musical-madrid\\\/\"},\"author\":{\"name\":\"Maria Gil Robledo\",\"@id\":\"http:\\\/\\\/unaymilletras.com\\\/#\\\/schema\\\/person\\\/d55ba681b8a4e463d8982dbe36a5dc94\"},\"headline\":\"Christmas by Starlite, un festival musical \u00fanico en Madrid\",\"datePublished\":\"2023-06-26T17:11:06+00:00\",\"dateModified\":\"2023-06-26T17:11:15+00:00\",\"mainEntityOfPage\":{\"@id\":\"https:\\\/\\\/unaymilletras.com\\\/christmas-by-starlite-un-festival-musical-madrid\\\/\"},\"wordCount\":445,\"commentCount\":0,\"publisher\":{\"@id\":\"http:\\\/\\\/unaymilletras.com\\\/#organization\"},\"image\":{\"@id\":\"https:\\\/\\\/unaymilletras.com\\\/christmas-by-starlite-un-festival-musical-madrid\\\/#primaryimage\"},\"thumbnailUrl\":\"https:\\\/\\\/unaymilletras.com\\\/wp-content\\\/uploads\\\/2023\\\/06\\\/Cartel-Christmas-by-Starlite-en-IFEMA-MADRID-e1687798888618.jpeg\",\"articleSection\":[\"M\u00fasica\"],\"inLanguage\":\"en-GB\",\"potentialAction\":[{\"@type\":\"CommentAction\",\"name\":\"Comment\",\"target\":[\"https:\\\/\\\/unaymilletras.com\\\/christmas-by-starlite-un-festival-musical-madrid\\\/#respond\"]}]},{\"@type\":\"WebPage\",\"@id\":\"https:\\\/\\\/unaymilletras.com\\\/christmas-by-starlite-un-festival-musical-madrid\\\/\",\"url\":\"https:\\\/\\\/unaymilletras.com\\\/christmas-by-starlite-un-festival-musical-madrid\\\/\",\"name\":\"Christmas by Starlite, un festival musical \u00fanico en Madrid &#8902; Una y Mil Letras\",\"isPartOf\":{\"@id\":\"http:\\\/\\\/unaymilletras.com\\\/#website\"},\"primaryImageOfPage\":{\"@id\":\"https:\\\/\\\/unaymilletras.com\\\/christmas-by-starlite-un-festival-musical-madrid\\\/#primaryimage\"},\"image\":{\"@id\":\"https:\\\/\\\/unaymilletras.com\\\/christmas-by-starlite-un-festival-musical-madrid\\\/#primaryimage\"},\"thumbnailUrl\":\"https:\\\/\\\/unaymilletras.com\\\/wp-content\\\/uploads\\\/2023\\\/06\\\/Cartel-Christmas-by-Starlite-en-IFEMA-MADRID-e1687798888618.jpeg\",\"datePublished\":\"2023-06-26T17:11:06+00:00\",\"dateModified\":\"2023-06-26T17:11:15+00:00\",\"description\":\"Sting encabezar\u00e1 el cartel del festival Christmas by Starlite en IFEMA MADRID con su aclamado tour My Songs\",\"breadcrumb\":{\"@id\":\"https:\\\/\\\/unaymilletras.com\\\/christmas-by-starlite-un-festival-musical-madrid\\\/#breadcrumb\"},\"inLanguage\":\"en-GB\",\"potentialAction\":[{\"@type\":\"ReadAction\",\"target\":[\"https:\\\/\\\/unaymilletras.com\\\/christmas-by-starlite-un-festival-musical-madrid\\\/\"]}]},{\"@type\":\"ImageObject\",\"inLanguage\":\"en-GB\",\"@id\":\"https:\\\/\\\/unaymilletras.com\\\/christmas-by-starlite-un-festival-musical-madrid\\\/#primaryimage\",\"url\":\"https:\\\/\\\/unaymilletras.com\\\/wp-content\\\/uploads\\\/2023\\\/06\\\/Cartel-Christmas-by-Starlite-en-IFEMA-MADRID-e1687798888618.jpeg\",\"contentUrl\":\"https:\\\/\\\/unaymilletras.com\\\/wp-content\\\/uploads\\\/2023\\\/06\\\/Cartel-Christmas-by-Starlite-en-IFEMA-MADRID-e1687798888618.jpeg\",\"width\":600,\"height\":262,\"caption\":\"Christmas by Starlite\"},{\"@type\":\"BreadcrumbList\",\"@id\":\"https:\\\/\\\/unaymilletras.com\\\/christmas-by-starlite-un-festival-musical-madrid\\\/#breadcrumb\",\"itemListElement\":[{\"@type\":\"ListItem\",\"position\":1,\"name\":\"Home\",\"item\":\"http:\\\/\\\/unaymilletras.com\\\/\"},{\"@type\":\"ListItem\",\"position\":2,\"name\":\"Christmas by Starlite, un festival musical \u00fanico en Madrid\"}]},{\"@type\":\"WebSite\",\"@id\":\"http:\\\/\\\/unaymilletras.com\\\/#website\",\"url\":\"http:\\\/\\\/unaymilletras.com\\\/\",\"name\":\"Una y Mil Letras\",\"description\":\"\",\"publisher\":{\"@id\":\"http:\\\/\\\/unaymilletras.com\\\/#organization\"},\"potentialAction\":[{\"@type\":\"SearchAction\",\"target\":{\"@type\":\"EntryPoint\",\"urlTemplate\":\"http:\\\/\\\/unaymilletras.com\\\/?s={search_term_string}\"},\"query-input\":{\"@type\":\"PropertyValueSpecification\",\"valueRequired\":true,\"valueName\":\"search_term_string\"}}],\"inLanguage\":\"en-GB\"},{\"@type\":\"Organization\",\"@id\":\"http:\\\/\\\/unaymilletras.com\\\/#organization\",\"name\":\"Una y Mil Letras\",\"url\":\"http:\\\/\\\/unaymilletras.com\\\/\",\"logo\":{\"@type\":\"ImageObject\",\"inLanguage\":\"en-GB\",\"@id\":\"http:\\\/\\\/unaymilletras.com\\\/#\\\/schema\\\/logo\\\/image\\\/\",\"url\":\"https:\\\/\\\/unaymilletras.com\\\/wp-content\\\/uploads\\\/2024\\\/06\\\/cropped-Logo-removebg-preview.png\",\"contentUrl\":\"https:\\\/\\\/unaymilletras.com\\\/wp-content\\\/uploads\\\/2024\\\/06\\\/cropped-Logo-removebg-preview.png\",\"width\":512,\"height\":512,\"caption\":\"Una y Mil Letras\"},\"image\":{\"@id\":\"http:\\\/\\\/unaymilletras.com\\\/#\\\/schema\\\/logo\\\/image\\\/\"},\"sameAs\":[\"https:\\\/\\\/x.com\\\/UnaYMilLetras\",\"https:\\\/\\\/instagram.com\\\/UnaYMilLetras\"]},{\"@type\":\"Person\",\"@id\":\"http:\\\/\\\/unaymilletras.com\\\/#\\\/schema\\\/person\\\/d55ba681b8a4e463d8982dbe36a5dc94\",\"name\":\"Maria Gil Robledo\",\"image\":{\"@type\":\"ImageObject\",\"inLanguage\":\"en-GB\",\"@id\":\"https:\\\/\\\/secure.gravatar.com\\\/avatar\\\/4b8e5102e0015789407eb4870b12f0f2857952d83ca124058f92b764bd1840c3?s=96&d=mm&r=g\",\"url\":\"https:\\\/\\\/secure.gravatar.com\\\/avatar\\\/4b8e5102e0015789407eb4870b12f0f2857952d83ca124058f92b764bd1840c3?s=96&d=mm&r=g\",\"contentUrl\":\"https:\\\/\\\/secure.gravatar.com\\\/avatar\\\/4b8e5102e0015789407eb4870b12f0f2857952d83ca124058f92b764bd1840c3?s=96&d=mm&r=g\",\"caption\":\"Maria Gil Robledo\"},\"sameAs\":[\"http:\\\/\\\/unaymilletras.com\"],\"url\":\"https:\\\/\\\/unaymilletras.com\\\/en\\\/author\\\/mariiagiil02_\\\/\"}]}<\/script>\n<!-- \/ Yoast SEO plugin. -->","yoast_head_json":{"title":"Christmas by Starlite, un festival musical \u00fanico en Madrid &#8902; Una y Mil Letras","description":"Sting encabezar\u00e1 el cartel del festival Christmas by Starlite en IFEMA MADRID con su aclamado tour My Songs","robots":{"index":"index","follow":"follow","max-snippet":"max-snippet:-1","max-image-preview":"max-image-preview:large","max-video-preview":"max-video-preview:-1"},"canonical":"https:\/\/unaymilletras.com\/en\/christmas-by-starlite-un-festival-musical-madrid\/","og_locale":"en_GB","og_type":"article","og_title":"Christmas by Starlite, un festival musical \u00fanico en Madrid &#8902; Una y Mil Letras","og_description":"Sting encabezar\u00e1 el cartel del festival Christmas by Starlite en IFEMA MADRID con su aclamado tour My Songs","og_url":"https:\/\/unaymilletras.com\/en\/christmas-by-starlite-un-festival-musical-madrid\/","og_site_name":"Una y Mil Letras","article_published_time":"2023-06-26T17:11:06+00:00","article_modified_time":"2023-06-26T17:11:15+00:00","og_image":[{"width":600,"height":262,"url":"https:\/\/unaymilletras.com\/wp-content\/uploads\/2023\/06\/Cartel-Christmas-by-Starlite-en-IFEMA-MADRID-e1687798888618.jpeg","type":"image\/jpeg"}],"author":"Maria Gil Robledo","twitter_card":"summary_large_image","twitter_creator":"@UnaYMilLetras","twitter_site":"@UnaYMilLetras","twitter_misc":{"Written by":"Maria Gil Robledo","Estimated reading time":"3 minutes"},"schema":{"@context":"https:\/\/schema.org","@graph":[{"@type":"Article","@id":"https:\/\/unaymilletras.com\/christmas-by-starlite-un-festival-musical-madrid\/#article","isPartOf":{"@id":"https:\/\/unaymilletras.com\/christmas-by-starlite-un-festival-musical-madrid\/"},"author":{"name":"Maria Gil Robledo","@id":"http:\/\/unaymilletras.com\/#\/schema\/person\/d55ba681b8a4e463d8982dbe36a5dc94"},"headline":"Christmas by Starlite, un festival musical \u00fanico en Madrid","datePublished":"2023-06-26T17:11:06+00:00","dateModified":"2023-06-26T17:11:15+00:00","mainEntityOfPage":{"@id":"https:\/\/unaymilletras.com\/christmas-by-starlite-un-festival-musical-madrid\/"},"wordCount":445,"commentCount":0,"publisher":{"@id":"http:\/\/unaymilletras.com\/#organization"},"image":{"@id":"https:\/\/unaymilletras.com\/christmas-by-starlite-un-festival-musical-madrid\/#primaryimage"},"thumbnailUrl":"https:\/\/unaymilletras.com\/wp-content\/uploads\/2023\/06\/Cartel-Christmas-by-Starlite-en-IFEMA-MADRID-e1687798888618.jpeg","articleSection":["M\u00fasica"],"inLanguage":"en-GB","potentialAction":[{"@type":"CommentAction","name":"Comment","target":["https:\/\/unaymilletras.com\/christmas-by-starlite-un-festival-musical-madrid\/#respond"]}]},{"@type":"WebPage","@id":"https:\/\/unaymilletras.com\/christmas-by-starlite-un-festival-musical-madrid\/","url":"https:\/\/unaymilletras.com\/christmas-by-starlite-un-festival-musical-madrid\/","name":"Christmas by Starlite, un festival musical \u00fanico en Madrid &#8902; Una y Mil Letras","isPartOf":{"@id":"http:\/\/unaymilletras.com\/#website"},"primaryImageOfPage":{"@id":"https:\/\/unaymilletras.com\/christmas-by-starlite-un-festival-musical-madrid\/#primaryimage"},"image":{"@id":"https:\/\/unaymilletras.com\/christmas-by-starlite-un-festival-musical-madrid\/#primaryimage"},"thumbnailUrl":"https:\/\/unaymilletras.com\/wp-content\/uploads\/2023\/06\/Cartel-Christmas-by-Starlite-en-IFEMA-MADRID-e1687798888618.jpeg","datePublished":"2023-06-26T17:11:06+00:00","dateModified":"2023-06-26T17:11:15+00:00","description":"Sting encabezar\u00e1 el cartel del festival Christmas by Starlite en IFEMA MADRID con su aclamado tour My Songs","breadcrumb":{"@id":"https:\/\/unaymilletras.com\/christmas-by-starlite-un-festival-musical-madrid\/#breadcrumb"},"inLanguage":"en-GB","potentialAction":[{"@type":"ReadAction","target":["https:\/\/unaymilletras.com\/christmas-by-starlite-un-festival-musical-madrid\/"]}]},{"@type":"ImageObject","inLanguage":"en-GB","@id":"https:\/\/unaymilletras.com\/christmas-by-starlite-un-festival-musical-madrid\/#primaryimage","url":"https:\/\/unaymilletras.com\/wp-content\/uploads\/2023\/06\/Cartel-Christmas-by-Starlite-en-IFEMA-MADRID-e1687798888618.jpeg","contentUrl":"https:\/\/unaymilletras.com\/wp-content\/uploads\/2023\/06\/Cartel-Christmas-by-Starlite-en-IFEMA-MADRID-e1687798888618.jpeg","width":600,"height":262,"caption":"Christmas by Starlite"},{"@type":"BreadcrumbList","@id":"https:\/\/unaymilletras.com\/christmas-by-starlite-un-festival-musical-madrid\/#breadcrumb","itemListElement":[{"@type":"ListItem","position":1,"name":"Home","item":"http:\/\/unaymilletras.com\/"},{"@type":"ListItem","position":2,"name":"Christmas by Starlite, un festival musical \u00fanico en Madrid"}]},{"@type":"WebSite","@id":"http:\/\/unaymilletras.com\/#website","url":"http:\/\/unaymilletras.com\/","name":"Una y Mil Letras","description":"","publisher":{"@id":"http:\/\/unaymilletras.com\/#organization"},"potentialAction":[{"@type":"SearchAction","target":{"@type":"EntryPoint","urlTemplate":"http:\/\/unaymilletras.com\/?s={search_term_string}"},"query-input":{"@type":"PropertyValueSpecification","valueRequired":true,"valueName":"search_term_string"}}],"inLanguage":"en-GB"},{"@type":"Organization","@id":"http:\/\/unaymilletras.com\/#organization","name":"Una y Mil Letras","url":"http:\/\/unaymilletras.com\/","logo":{"@type":"ImageObject","inLanguage":"en-GB","@id":"http:\/\/unaymilletras.com\/#\/schema\/logo\/image\/","url":"https:\/\/unaymilletras.com\/wp-content\/uploads\/2024\/06\/cropped-Logo-removebg-preview.png","contentUrl":"https:\/\/unaymilletras.com\/wp-content\/uploads\/2024\/06\/cropped-Logo-removebg-preview.png","width":512,"height":512,"caption":"Una y Mil Letras"},"image":{"@id":"http:\/\/unaymilletras.com\/#\/schema\/logo\/image\/"},"sameAs":["https:\/\/x.com\/UnaYMilLetras","https:\/\/instagram.com\/UnaYMilLetras"]},{"@type":"Person","@id":"http:\/\/unaymilletras.com\/#\/schema\/person\/d55ba681b8a4e463d8982dbe36a5dc94","name":"Maria Gil Robledo","image":{"@type":"ImageObject","inLanguage":"en-GB","@id":"https:\/\/secure.gravatar.com\/avatar\/4b8e5102e0015789407eb4870b12f0f2857952d83ca124058f92b764bd1840c3?s=96&d=mm&r=g","url":"https:\/\/secure.gravatar.com\/avatar\/4b8e5102e0015789407eb4870b12f0f2857952d83ca124058f92b764bd1840c3?s=96&d=mm&r=g","contentUrl":"https:\/\/secure.gravatar.com\/avatar\/4b8e5102e0015789407eb4870b12f0f2857952d83ca124058f92b764bd1840c3?s=96&d=mm&r=g","caption":"Maria Gil Robledo"},"sameAs":["http:\/\/unaymilletras.com"],"url":"https:\/\/unaymilletras.com\/en\/author\/mariiagiil02_\/"}]}},"_links":{"self":[{"href":"https:\/\/unaymilletras.com\/en\/wp-json\/wp\/v2\/posts\/931","targetHints":{"allow":["GET"]}}],"collection":[{"href":"https:\/\/unaymilletras.com\/en\/wp-json\/wp\/v2\/posts"}],"about":[{"href":"https:\/\/unaymilletras.com\/en\/wp-json\/wp\/v2\/types\/post"}],"author":[{"embeddable":true,"href":"https:\/\/unaymilletras.com\/en\/wp-json\/wp\/v2\/users\/1"}],"replies":[{"embeddable":true,"href":"https:\/\/unaymilletras.com\/en\/wp-json\/wp\/v2\/comments?post=931"}],"version-history":[{"count":5,"href":"https:\/\/unaymilletras.com\/en\/wp-json\/wp\/v2\/posts\/931\/revisions"}],"predecessor-version":[{"id":938,"href":"https:\/\/unaymilletras.com\/en\/wp-json\/wp\/v2\/posts\/931\/revisions\/938"}],"wp:featuredmedia":[{"embeddable":true,"href":"https:\/\/unaymilletras.com\/en\/wp-json\/wp\/v2\/media\/934"}],"wp:attachment":[{"href":"https:\/\/unaymilletras.com\/en\/wp-json\/wp\/v2\/media?parent=931"}],"wp:term":[{"taxonomy":"category","embeddable":true,"href":"https:\/\/unaymilletras.com\/en\/wp-json\/wp\/v2\/categories?post=931"},{"taxonomy":"post_tag","embeddable":true,"href":"https:\/\/unaymilletras.com\/en\/wp-json\/wp\/v2\/tags?post=931"}],"curies":[{"name":"wp","href":"https:\/\/api.w.org\/{rel}","templated":true}]}}