{"id":946,"date":"2023-07-02T15:28:22","date_gmt":"2023-07-02T13:28:22","guid":{"rendered":"http:\/\/unaymilletras.com\/?p=946"},"modified":"2023-07-02T15:28:26","modified_gmt":"2023-07-02T13:28:26","slug":"naiza-hace-anos-que-no-lloraba-de-la-emocion","status":"publish","type":"post","link":"https:\/\/unaymilletras.com\/en\/naiza-hace-anos-que-no-lloraba-de-la-emocion\/","title":{"rendered":"NA\u00cdZA: \u201cHace a\u00f1os que no lloraba de la emoci\u00f3n\u201d"},"content":{"rendered":"<div data-elementor-type=\"wp-post\" data-elementor-id=\"946\" class=\"elementor elementor-946\">\n\t\t\t\t\t\t<section class=\"elementor-section elementor-top-section elementor-element elementor-element-8b6f83c elementor-section-boxed elementor-section-height-default elementor-section-height-default\" data-id=\"8b6f83c\" data-element_type=\"section\" data-e-type=\"section\">\n\t\t\t\t\t\t<div class=\"elementor-container elementor-column-gap-default\">\n\t\t\t\t\t<div class=\"elementor-column elementor-col-100 elementor-top-column elementor-element elementor-element-21e68e3\" data-id=\"21e68e3\" data-element_type=\"column\" data-e-type=\"column\">\n\t\t\t<div class=\"elementor-widget-wrap elementor-element-populated\">\n\t\t\t\t\t\t<div class=\"elementor-element elementor-element-0a8b061 elementor-widget elementor-widget-text-editor\" data-id=\"0a8b061\" data-element_type=\"widget\" data-e-type=\"widget\" data-widget_type=\"text-editor.default\">\n\t\t\t\t<div class=\"elementor-widget-container\">\n\t\t\t\t\t\t\t\t\t<h2><em><span style=\"color: #808080;\">NA\u00cdZA actuar\u00e1 hoy a las 20:20 en el escenario del Orgullo Latino en Plaza de Espa\u00f1a<\/span><\/em><\/h2>\t\t\t\t\t\t\t\t<\/div>\n\t\t\t\t<\/div>\n\t\t\t\t\t<\/div>\n\t\t<\/div>\n\t\t\t\t\t<\/div>\n\t\t<\/section>\n\t\t\t\t<section class=\"elementor-section elementor-top-section elementor-element elementor-element-737fe1c elementor-section-boxed elementor-section-height-default elementor-section-height-default\" data-id=\"737fe1c\" data-element_type=\"section\" data-e-type=\"section\">\n\t\t\t\t\t\t<div class=\"elementor-container elementor-column-gap-default\">\n\t\t\t\t\t<div class=\"elementor-column elementor-col-100 elementor-top-column elementor-element elementor-element-c6cd6e5\" data-id=\"c6cd6e5\" data-element_type=\"column\" data-e-type=\"column\">\n\t\t\t<div class=\"elementor-widget-wrap elementor-element-populated\">\n\t\t\t\t\t\t<div class=\"elementor-element elementor-element-daa9337 elementor-widget elementor-widget-text-editor\" data-id=\"daa9337\" data-element_type=\"widget\" data-e-type=\"widget\" data-widget_type=\"text-editor.default\">\n\t\t\t\t<div class=\"elementor-widget-container\">\n\t\t\t\t\t\t\t\t\t<p><b>NA\u00cdZA<\/b> es una artista ecuatoriana que gracias a su talento ha logrado colarse entre las 100 canciones m\u00e1s escuchadas en Madrid.\u00a0<em><a href=\"https:\/\/open.spotify.com\/track\/6EAI1K52TazfUEQtMxppbC?si=b99f11fd3e19499c\"><b>Perd\u00f3name<\/b><\/a><\/em> y\u00a0<em><a href=\"https:\/\/open.spotify.com\/track\/5uKhzGscNgBxqNRgWRjONV?si=61b288d26f5c4973\"><b>120<\/b><\/a><\/em> son sus sencillos m\u00e1s recientes y con los que ha conquistado a miles de personas.\u00a0<\/p><p>Asimismo, NAIZA ha compartido escenario con algunos de los m\u00e1s grandes, como <b>Justin Bieber<\/b>, <b>Shakira<\/b>, <b>Sebasti\u00e1n Yatra<\/b> o <b>Greeicy<\/b> entre otros\u00a0 muchos. A tan solo dos d\u00edas de su cumplea\u00f1os actuar\u00e1 en el escenario del <b>Orgullo Latino<\/b> en <b>Madrid<\/b>, donde ofrecer\u00e1 un show completamente inolvidable.\u00a0<\/p>\t\t\t\t\t\t\t\t<\/div>\n\t\t\t\t<\/div>\n\t\t\t\t\t<\/div>\n\t\t<\/div>\n\t\t\t\t\t<\/div>\n\t\t<\/section>\n\t\t\t\t<section class=\"elementor-section elementor-top-section elementor-element elementor-element-fd79970 elementor-section-boxed elementor-section-height-default elementor-section-height-default\" data-id=\"fd79970\" data-element_type=\"section\" data-e-type=\"section\">\n\t\t\t\t\t\t<div class=\"elementor-container elementor-column-gap-default\">\n\t\t\t\t\t<div class=\"elementor-column elementor-col-100 elementor-top-column elementor-element elementor-element-3668da2\" data-id=\"3668da2\" data-element_type=\"column\" data-e-type=\"column\">\n\t\t\t<div class=\"elementor-widget-wrap elementor-element-populated\">\n\t\t\t\t\t\t<div class=\"elementor-element elementor-element-1662ecd elementor-widget elementor-widget-image\" data-id=\"1662ecd\" data-element_type=\"widget\" data-e-type=\"widget\" data-widget_type=\"image.default\">\n\t\t\t\t<div class=\"elementor-widget-container\">\n\t\t\t\t\t\t\t\t\t\t\t\t\t\t\t<img fetchpriority=\"high\" decoding=\"async\" width=\"640\" height=\"427\" src=\"https:\/\/unaymilletras.com\/wp-content\/uploads\/2023\/07\/image3-1024x683.jpeg\" class=\"attachment-large size-large wp-image-950\" alt=\"NA\u00cdZA\" srcset=\"https:\/\/unaymilletras.com\/wp-content\/uploads\/2023\/07\/image3-1024x683.jpeg 1024w, https:\/\/unaymilletras.com\/wp-content\/uploads\/2023\/07\/image3-e1688300023292-300x200.jpeg 300w, https:\/\/unaymilletras.com\/wp-content\/uploads\/2023\/07\/image3-768x512.jpeg 768w, https:\/\/unaymilletras.com\/wp-content\/uploads\/2023\/07\/image3-1536x1025.jpeg 1536w, https:\/\/unaymilletras.com\/wp-content\/uploads\/2023\/07\/image3-e1688300023292.jpeg 600w\" sizes=\"(max-width: 640px) 100vw, 640px\" \/>\t\t\t\t\t\t\t\t\t\t\t\t\t\t\t<\/div>\n\t\t\t\t<\/div>\n\t\t\t\t\t<\/div>\n\t\t<\/div>\n\t\t\t\t\t<\/div>\n\t\t<\/section>\n\t\t\t\t<section class=\"elementor-section elementor-top-section elementor-element elementor-element-c927b1a elementor-section-boxed elementor-section-height-default elementor-section-height-default\" data-id=\"c927b1a\" data-element_type=\"section\" data-e-type=\"section\">\n\t\t\t\t\t\t<div class=\"elementor-container elementor-column-gap-default\">\n\t\t\t\t\t<div class=\"elementor-column elementor-col-100 elementor-top-column elementor-element elementor-element-de9dacf\" data-id=\"de9dacf\" data-element_type=\"column\" data-e-type=\"column\">\n\t\t\t<div class=\"elementor-widget-wrap elementor-element-populated\">\n\t\t\t\t\t\t<div class=\"elementor-element elementor-element-4784a43 elementor-widget elementor-widget-text-editor\" data-id=\"4784a43\" data-element_type=\"widget\" data-e-type=\"widget\" data-widget_type=\"text-editor.default\">\n\t\t\t\t<div class=\"elementor-widget-container\">\n\t\t\t\t\t\t\t\t\t<p><strong>\u00bfQu\u00e9 tal por Espa\u00f1a?<br \/><\/strong>Incre\u00edble. Mi hermano vive aqu\u00ed. A mi Espa\u00f1a me fascina. Cada vez que tengo la excusa para venir, vengo. Siempre he venido de vacaciones, pero ahora venir por mi carrera es completamente diferente otra experiencia. No puedo creer que estoy viviendo con mi carrera. O sea antes lo so\u00f1aba y ahora lo vivo, es como wow<\/p><p><strong>Hoy act\u00faas en el escenario del Orgullo Latino en Plaza de Espa\u00f1a.<br \/><\/strong>Para m\u00ed es uno de los momentos m\u00e1s importantes en mi carrera que he tenido hasta hoy. He tenido varios momentos, pero siento que esto es algo completamente diferente. Tambi\u00e9n estoy d\u00e1ndole una voz a mucha gente de mi pa\u00eds que tal vez no se sienten todav\u00eda aceptados y me encanta poder estar aqu\u00ed d\u00e1ndoles ese apoyo desde lo lejos.<\/p><p><strong>\u00bfC\u00f3mo recibiste la noticia de que vas a actuar ah\u00ed?<br \/><\/strong>Hace unos meses. La \u00faltima vez que estuve aqu\u00ed ya sab\u00eda que iba a cantar ah\u00ed. Ya me hab\u00edan confirmado, ya hab\u00eda grabado la canci\u00f3n del himno del orgullo latino. Fu\u00ed la primera artista en grabarlo. Fue como \u201cno puedo creer esto\u201d y no pod\u00eda hacer nada, me tuve que quedar callada porque obviamente era algo que todav\u00eda no pod\u00eda decir en p\u00fablico, pero yo ya sab\u00eda hace mucho tiempo. Cuando me dieron la noticia, me acuerdo de que estaba en Estados Unidos, me llamaron y me dijeron \u201cte hemos conseguido esto\u201d, \u201cte quieren aqu\u00ed\u201d, \u201cles ha gustado mucho tu canciones\u201d, \u00b7ellos nos han dicho que quieren que cantes ac\u00e1\u201d. Casi me muero. Me puse a llorar. Hace a\u00f1os que no lloraba de la emoci\u00f3n por algo.<\/p>\t\t\t\t\t\t\t\t<\/div>\n\t\t\t\t<\/div>\n\t\t\t\t\t<\/div>\n\t\t<\/div>\n\t\t\t\t\t<\/div>\n\t\t<\/section>\n\t\t\t\t<section class=\"elementor-section elementor-top-section elementor-element elementor-element-646d958 elementor-section-boxed elementor-section-height-default elementor-section-height-default\" data-id=\"646d958\" data-element_type=\"section\" data-e-type=\"section\">\n\t\t\t\t\t\t<div class=\"elementor-container elementor-column-gap-default\">\n\t\t\t\t\t<div class=\"elementor-column elementor-col-100 elementor-top-column elementor-element elementor-element-1a2f2c3\" data-id=\"1a2f2c3\" data-element_type=\"column\" data-e-type=\"column\">\n\t\t\t<div class=\"elementor-widget-wrap elementor-element-populated\">\n\t\t\t\t\t\t<div class=\"elementor-element elementor-element-8d0648a elementor-widget elementor-widget-image\" data-id=\"8d0648a\" data-element_type=\"widget\" data-e-type=\"widget\" data-widget_type=\"image.default\">\n\t\t\t\t<div class=\"elementor-widget-container\">\n\t\t\t\t\t\t\t\t\t\t\t\t\t\t\t<img decoding=\"async\" width=\"640\" height=\"792\" src=\"https:\/\/unaymilletras.com\/wp-content\/uploads\/2023\/07\/IMG_AB0A3AB8B7B8-1.jpeg\" class=\"attachment-large size-large wp-image-952\" alt=\"Na\u00edza\" srcset=\"https:\/\/unaymilletras.com\/wp-content\/uploads\/2023\/07\/IMG_AB0A3AB8B7B8-1.jpeg 828w, https:\/\/unaymilletras.com\/wp-content\/uploads\/2023\/07\/IMG_AB0A3AB8B7B8-1-242x300.jpeg 242w, https:\/\/unaymilletras.com\/wp-content\/uploads\/2023\/07\/IMG_AB0A3AB8B7B8-1-768x951.jpeg 768w\" sizes=\"(max-width: 640px) 100vw, 640px\" \/>\t\t\t\t\t\t\t\t\t\t\t\t\t\t\t<\/div>\n\t\t\t\t<\/div>\n\t\t\t\t\t<\/div>\n\t\t<\/div>\n\t\t\t\t\t<\/div>\n\t\t<\/section>\n\t\t\t\t<section class=\"elementor-section elementor-top-section elementor-element elementor-element-3e52f75 elementor-section-boxed elementor-section-height-default elementor-section-height-default\" data-id=\"3e52f75\" data-element_type=\"section\" data-e-type=\"section\">\n\t\t\t\t\t\t<div class=\"elementor-container elementor-column-gap-default\">\n\t\t\t\t\t<div class=\"elementor-column elementor-col-100 elementor-top-column elementor-element elementor-element-cf70d20\" data-id=\"cf70d20\" data-element_type=\"column\" data-e-type=\"column\">\n\t\t\t<div class=\"elementor-widget-wrap elementor-element-populated\">\n\t\t\t\t\t\t<div class=\"elementor-element elementor-element-4a92b04 elementor-widget elementor-widget-text-editor\" data-id=\"4a92b04\" data-element_type=\"widget\" data-e-type=\"widget\" data-widget_type=\"text-editor.default\">\n\t\t\t\t<div class=\"elementor-widget-container\">\n\t\t\t\t\t\t\t\t\t<p><strong>\u00bfTienes algo especial preparado para la actuaci\u00f3n?<br \/><\/strong>S\u00ed. He estado ensayando y practicando a full el show armado. Tengo algo muy bonito. Es un baile contempor\u00e1neo, s\u00faper art\u00edstico cada canci\u00f3n tiene una tem\u00e1tica dentro del baile entonces va a ser un show muy din\u00e1mico y muy entretenido. Yo quiero obviamente que la gente vea aqu\u00ed qui\u00e9n soy yo, c\u00f3mo me gusta expresar el arte. No hay nada m\u00e1s lindo que prepararle algo al p\u00fablico. Por eso yo vivo por conexi\u00f3n con ellos. La m\u00fasica es una forma de expresi\u00f3n, una forma de transmitir sentimientos y de darle a las personas que no se les hace f\u00e1cil transmitir algo poder darles esa voz.<\/p><p><strong>Antes has mencionado Estados Unidos. Has estado en muchos pa\u00edses, \u00bfcu\u00e1l ha sido el que m\u00e1s te ha gustado o en el que m\u00e1s c\u00f3moda has estado para hacer m\u00fasica?<br \/><\/strong>No es tanto el pa\u00eds, es m\u00e1s la persona. En todos los que he estado lo he disfrutado he sacado cosas muy lindas y positivas porque me he reunido de gente muy talentosa, que ama lo que hace. Son diferentes culturas, son diferentes g\u00e9neros, entonces se puede aprender de varios. En Colombia, en Ecuador tambi\u00e9n he trabajado, aqu\u00ed en Espa\u00f1a. Al final yo creo que todo se trata de la persona, no del lugar. Es la conexi\u00f3n. Si est\u00e1s trabajando con una persona que no te gusta, aunque sea la persona m\u00e1s talentosa del mundo, pero no hay conexi\u00f3n, no hay nada.<\/p>\t\t\t\t\t\t\t\t<\/div>\n\t\t\t\t<\/div>\n\t\t\t\t\t<\/div>\n\t\t<\/div>\n\t\t\t\t\t<\/div>\n\t\t<\/section>\n\t\t\t\t<section class=\"elementor-section elementor-top-section elementor-element elementor-element-725cc70 elementor-section-boxed elementor-section-height-default elementor-section-height-default\" data-id=\"725cc70\" data-element_type=\"section\" data-e-type=\"section\">\n\t\t\t\t\t\t<div class=\"elementor-container elementor-column-gap-default\">\n\t\t\t\t\t<div class=\"elementor-column elementor-col-50 elementor-top-column elementor-element elementor-element-833c285\" data-id=\"833c285\" data-element_type=\"column\" data-e-type=\"column\">\n\t\t\t<div class=\"elementor-widget-wrap elementor-element-populated\">\n\t\t\t\t\t\t<div class=\"elementor-element elementor-element-c5fae0f elementor-widget elementor-widget-text-editor\" data-id=\"c5fae0f\" data-element_type=\"widget\" data-e-type=\"widget\" data-widget_type=\"text-editor.default\">\n\t\t\t\t<div class=\"elementor-widget-container\">\n\t\t\t\t\t\t\t\t\t<p><strong>Hace poco sacaste 120, \u00bfc\u00f3mo has vivido el lanzamiento? <br><\/strong>Incre\u00edble. Fue un riesgo porque es un g\u00e9nero que tal vez para muchos es complicado. Es un Latin House. Lo hice un poquito m\u00e1s pop para que no sea tan dif\u00edcil de digerir pero yo&nbsp; dec\u00eda \u201cno s\u00e9 si les va a gustar\u201d. Es algo completamente diferente a lo que yo vengo haciendo, pero dije: \u00abal final me encanta esto, es lo que amo hacer y yo s\u00e9 que a muchos les va a gustar\u00bb. Vali\u00f3 la pena.<\/p>\t\t\t\t\t\t\t\t<\/div>\n\t\t\t\t<\/div>\n\t\t\t\t\t<\/div>\n\t\t<\/div>\n\t\t\t\t<div class=\"elementor-column elementor-col-50 elementor-top-column elementor-element elementor-element-b849f55\" data-id=\"b849f55\" data-element_type=\"column\" data-e-type=\"column\">\n\t\t\t<div class=\"elementor-widget-wrap elementor-element-populated\">\n\t\t\t\t\t\t<div class=\"elementor-element elementor-element-3e09e28 elementor-widget elementor-widget-image\" data-id=\"3e09e28\" data-element_type=\"widget\" data-e-type=\"widget\" data-widget_type=\"image.default\">\n\t\t\t\t<div class=\"elementor-widget-container\">\n\t\t\t\t\t\t\t\t\t\t\t\t\t\t\t<img decoding=\"async\" width=\"640\" height=\"781\" src=\"https:\/\/unaymilletras.com\/wp-content\/uploads\/2023\/07\/IMG_3904-2.jpg\" class=\"attachment-large size-large wp-image-953\" alt=\"\" srcset=\"https:\/\/unaymilletras.com\/wp-content\/uploads\/2023\/07\/IMG_3904-2.jpg 799w, https:\/\/unaymilletras.com\/wp-content\/uploads\/2023\/07\/IMG_3904-2-246x300.jpg 246w, https:\/\/unaymilletras.com\/wp-content\/uploads\/2023\/07\/IMG_3904-2-768x937.jpg 768w\" sizes=\"(max-width: 640px) 100vw, 640px\" \/>\t\t\t\t\t\t\t\t\t\t\t\t\t\t\t<\/div>\n\t\t\t\t<\/div>\n\t\t\t\t\t<\/div>\n\t\t<\/div>\n\t\t\t\t\t<\/div>\n\t\t<\/section>\n\t\t\t\t<section class=\"elementor-section elementor-top-section elementor-element elementor-element-d079155 elementor-section-boxed elementor-section-height-default elementor-section-height-default\" data-id=\"d079155\" data-element_type=\"section\" data-e-type=\"section\">\n\t\t\t\t\t\t<div class=\"elementor-container elementor-column-gap-default\">\n\t\t\t\t\t<div class=\"elementor-column elementor-col-100 elementor-top-column elementor-element elementor-element-137aa39\" data-id=\"137aa39\" data-element_type=\"column\" data-e-type=\"column\">\n\t\t\t<div class=\"elementor-widget-wrap elementor-element-populated\">\n\t\t\t\t\t\t<div class=\"elementor-element elementor-element-ada004b elementor-widget elementor-widget-text-editor\" data-id=\"ada004b\" data-element_type=\"widget\" data-e-type=\"widget\" data-widget_type=\"text-editor.default\">\n\t\t\t\t<div class=\"elementor-widget-container\">\n\t\t\t\t\t\t\t\t\t<p><strong>Ahora que hablas de muchos g\u00e9neros, \u00bfhay alguno que no hayas hecho todav\u00eda y te gustar\u00eda probar? <br \/><\/strong>No he hecho regional mexicano todav\u00eda y no s\u00e9 si en alg\u00fan momento lo probar\u00e9. Justo estuvimos hablando de eso el otro d\u00eda, que es muy fuerte ese g\u00e9nero. Entonces no s\u00e9 si lo har\u00eda, pero nunca puedo decir nunca.<\/p><p><strong>\u00bfDe todas las canciones que t\u00fa tienes cu\u00e1l es la que m\u00e1s crees que te identifica?<br \/><\/strong>Todas han tenido sus facetas en mi vida. Todos me han representado en alg\u00fan momento. Hoy por hoy creo que <em>Perd\u00f3name<\/em> y <em>120<\/em> son las que m\u00e1s me represen. Es como me siento hoy.<\/p><p><strong>He escuchado que te gusta mucho Bad Bunny.<br \/><\/strong>S\u00ed. Creo que fui a todos sus conciertos el a\u00f1o pasado. En el show no es tanto de \u00e9l. \u00c9l es incre\u00edble, pero la energ\u00eda de la gente. Todo el mundo est\u00e1 \u201cwow\u201d. Todo el mundo est\u00e1 saltando, est\u00e1 s\u00faper euf\u00f3rico<\/p>\t\t\t\t\t\t\t\t<\/div>\n\t\t\t\t<\/div>\n\t\t\t\t\t<\/div>\n\t\t<\/div>\n\t\t\t\t\t<\/div>\n\t\t<\/section>\n\t\t\t\t<section class=\"elementor-section elementor-top-section elementor-element elementor-element-4d89127 elementor-section-boxed elementor-section-height-default elementor-section-height-default\" data-id=\"4d89127\" data-element_type=\"section\" data-e-type=\"section\">\n\t\t\t\t\t\t<div class=\"elementor-container elementor-column-gap-default\">\n\t\t\t\t\t<div class=\"elementor-column elementor-col-50 elementor-top-column elementor-element elementor-element-0dfc4ff\" data-id=\"0dfc4ff\" data-element_type=\"column\" data-e-type=\"column\">\n\t\t\t<div class=\"elementor-widget-wrap elementor-element-populated\">\n\t\t\t\t\t\t<div class=\"elementor-element elementor-element-166c928 elementor-widget elementor-widget-text-editor\" data-id=\"166c928\" data-element_type=\"widget\" data-e-type=\"widget\" data-widget_type=\"text-editor.default\">\n\t\t\t\t<div class=\"elementor-widget-container\">\n\t\t\t\t\t\t\t\t\t<p><strong>Yo creo que por eso en los conciertos muchas veces se viven m\u00e1s las canciones.<br \/><\/strong>Hay un concierto de un artista muuuuy famoso, no voy a decir el nombre, que yo pens\u00e9 que la gente iba a estar euf\u00f3rica. Nunca he visto a la gente tan apagada, hasta yo me sent\u00eda apagada. Yo estaba ilusionada y me qued\u00e9 como \u201c\u00bfqu\u00e9 pas\u00f3?\u201d. As\u00ed que publico es muy importante. Si mantienes al p\u00fablico con el hype arriba todo es incre\u00edble. Es muy dif\u00edcil la labor de un artista estando encima de un escenario.<\/p>\t\t\t\t\t\t\t\t<\/div>\n\t\t\t\t<\/div>\n\t\t\t\t\t<\/div>\n\t\t<\/div>\n\t\t\t\t<div class=\"elementor-column elementor-col-50 elementor-top-column elementor-element elementor-element-9ba8fa2\" data-id=\"9ba8fa2\" data-element_type=\"column\" data-e-type=\"column\">\n\t\t\t<div class=\"elementor-widget-wrap elementor-element-populated\">\n\t\t\t\t\t\t<div class=\"elementor-element elementor-element-c4be024 elementor-widget elementor-widget-image\" data-id=\"c4be024\" data-element_type=\"widget\" data-e-type=\"widget\" data-widget_type=\"image.default\">\n\t\t\t\t<div class=\"elementor-widget-container\">\n\t\t\t\t\t\t\t\t\t\t\t\t\t\t\t<img loading=\"lazy\" decoding=\"async\" width=\"640\" height=\"960\" src=\"https:\/\/unaymilletras.com\/wp-content\/uploads\/2023\/07\/image1-683x1024.jpeg\" class=\"attachment-large size-large wp-image-948\" alt=\"\" srcset=\"https:\/\/unaymilletras.com\/wp-content\/uploads\/2023\/07\/image1-683x1024.jpeg 683w, https:\/\/unaymilletras.com\/wp-content\/uploads\/2023\/07\/image1-e1688301911376-200x300.jpeg 200w, https:\/\/unaymilletras.com\/wp-content\/uploads\/2023\/07\/image1-768x1151.jpeg 768w, https:\/\/unaymilletras.com\/wp-content\/uploads\/2023\/07\/image1-1025x1536.jpeg 1025w, https:\/\/unaymilletras.com\/wp-content\/uploads\/2023\/07\/image1-1024x1535.jpeg 1024w, https:\/\/unaymilletras.com\/wp-content\/uploads\/2023\/07\/image1-e1688301911376.jpeg 600w\" sizes=\"(max-width: 640px) 100vw, 640px\" \/>\t\t\t\t\t\t\t\t\t\t\t\t\t\t\t<\/div>\n\t\t\t\t<\/div>\n\t\t\t\t\t<\/div>\n\t\t<\/div>\n\t\t\t\t\t<\/div>\n\t\t<\/section>\n\t\t\t\t<section class=\"elementor-section elementor-top-section elementor-element elementor-element-ba3755d elementor-section-boxed elementor-section-height-default elementor-section-height-default\" data-id=\"ba3755d\" data-element_type=\"section\" data-e-type=\"section\">\n\t\t\t\t\t\t<div class=\"elementor-container elementor-column-gap-default\">\n\t\t\t\t\t<div class=\"elementor-column elementor-col-100 elementor-top-column elementor-element elementor-element-82cd12a\" data-id=\"82cd12a\" data-element_type=\"column\" data-e-type=\"column\">\n\t\t\t<div class=\"elementor-widget-wrap elementor-element-populated\">\n\t\t\t\t\t\t<div class=\"elementor-element elementor-element-6ad5260 elementor-widget elementor-widget-text-editor\" data-id=\"6ad5260\" data-element_type=\"widget\" data-e-type=\"widget\" data-widget_type=\"text-editor.default\">\n\t\t\t\t<div class=\"elementor-widget-container\">\n\t\t\t\t\t\t\t\t\t<p><strong>\u00bfA qu\u00e9 canci\u00f3n tuya te gustar\u00eda que se sumase Bad Bunny?<br><\/strong>Yo har\u00eda una desde cero con \u00e9l. Yo creo que lo m\u00edo es muy suave para lo que \u00e9l hace. Probar\u00e9 algo diferente con \u00e9l.<\/p>\n<p><strong>Has compartido escenario con artistas muy grandes como Justin Bieber, Shakira o Greeicy, \u00bfc\u00f3mo ha sido eso? <br><\/strong>Cada experiencia ha sido inolvidable. Cada show ha sido diferente, ha sido parte de mi proceso de crecimiento art\u00edstico y tambi\u00e9n escenogr\u00e1fico. Gracias a todo esto tengo claro hoy qu\u00e9 es lo que yo quiero poner en tarima. Por eso para el Orgullo he preparado algo s\u00faper especial y bonito. Obviamente me encantar\u00eda cantar todas mis canciones, pero por tiempo voy a cantar las que m\u00e1s me conectan y que m\u00e1s \u00e9xito han tenido. Pero cada momento que yo he ido al escenario y he estado ah\u00ed he aprendido no solamente como artista dentro de un escenario con p\u00fablico, sino tambi\u00e9n a nivel t\u00e9cnico, c\u00f3mo se maneja y eso a m\u00ed me ha ayudado y me ha permitido entender c\u00f3mo funciona.<\/p>\t\t\t\t\t\t\t\t<\/div>\n\t\t\t\t<\/div>\n\t\t\t\t\t<\/div>\n\t\t<\/div>\n\t\t\t\t\t<\/div>\n\t\t<\/section>\n\t\t\t\t<section class=\"elementor-section elementor-top-section elementor-element elementor-element-1c7e31f elementor-section-boxed elementor-section-height-default elementor-section-height-default\" data-id=\"1c7e31f\" data-element_type=\"section\" data-e-type=\"section\">\n\t\t\t\t\t\t<div class=\"elementor-container elementor-column-gap-default\">\n\t\t\t\t\t<div class=\"elementor-column elementor-col-50 elementor-top-column elementor-element elementor-element-a1c41ac\" data-id=\"a1c41ac\" data-element_type=\"column\" data-e-type=\"column\">\n\t\t\t<div class=\"elementor-widget-wrap elementor-element-populated\">\n\t\t\t\t\t\t<div class=\"elementor-element elementor-element-46db821 elementor-widget elementor-widget-image\" data-id=\"46db821\" data-element_type=\"widget\" data-e-type=\"widget\" data-widget_type=\"image.default\">\n\t\t\t\t<div class=\"elementor-widget-container\">\n\t\t\t\t\t\t\t\t\t\t\t\t\t\t\t<img loading=\"lazy\" decoding=\"async\" width=\"640\" height=\"779\" src=\"https:\/\/unaymilletras.com\/wp-content\/uploads\/2023\/07\/IMG_3905.jpg\" class=\"attachment-large size-large wp-image-957\" alt=\"NA\u00cdZA\" srcset=\"https:\/\/unaymilletras.com\/wp-content\/uploads\/2023\/07\/IMG_3905.jpg 828w, https:\/\/unaymilletras.com\/wp-content\/uploads\/2023\/07\/IMG_3905-246x300.jpg 246w, https:\/\/unaymilletras.com\/wp-content\/uploads\/2023\/07\/IMG_3905-768x935.jpg 768w\" sizes=\"(max-width: 640px) 100vw, 640px\" \/>\t\t\t\t\t\t\t\t\t\t\t\t\t\t\t<\/div>\n\t\t\t\t<\/div>\n\t\t\t\t\t<\/div>\n\t\t<\/div>\n\t\t\t\t<div class=\"elementor-column elementor-col-50 elementor-top-column elementor-element elementor-element-a17208b\" data-id=\"a17208b\" data-element_type=\"column\" data-e-type=\"column\">\n\t\t\t<div class=\"elementor-widget-wrap elementor-element-populated\">\n\t\t\t\t\t\t<div class=\"elementor-element elementor-element-4d5660c elementor-widget elementor-widget-text-editor\" data-id=\"4d5660c\" data-element_type=\"widget\" data-e-type=\"widget\" data-widget_type=\"text-editor.default\">\n\t\t\t\t<div class=\"elementor-widget-container\">\n\t\t\t\t\t\t\t\t\t<p><strong>\u00bfQu\u00e9 es lo m\u00e1s importante a la hora de organizar un show?<br \/><\/strong>Todo. Para m\u00ed todo es importante. Yo me lo tomo tan en serio que yo hasta pienso demasiado detalladamente que es lo que me voy a poner, c\u00f3mo lo voy a cantar, c\u00f3mo me voy a mover, c\u00f3mo voy a mixear una canci\u00f3n con la otra\u2026 todo es demasiado importante, y lo m\u00e1s importante es la gente por detr\u00e1s que te ayuda a montar el show.<\/p>\t\t\t\t\t\t\t\t<\/div>\n\t\t\t\t<\/div>\n\t\t\t\t\t<\/div>\n\t\t<\/div>\n\t\t\t\t\t<\/div>\n\t\t<\/section>\n\t\t\t\t<section class=\"elementor-section elementor-top-section elementor-element elementor-element-f05b7de elementor-section-boxed elementor-section-height-default elementor-section-height-default\" data-id=\"f05b7de\" data-element_type=\"section\" data-e-type=\"section\">\n\t\t\t\t\t\t<div class=\"elementor-container elementor-column-gap-default\">\n\t\t\t\t\t<div class=\"elementor-column elementor-col-100 elementor-top-column elementor-element elementor-element-90d716f\" data-id=\"90d716f\" data-element_type=\"column\" data-e-type=\"column\">\n\t\t\t<div class=\"elementor-widget-wrap elementor-element-populated\">\n\t\t\t\t\t\t<div class=\"elementor-element elementor-element-cb09d80 elementor-widget elementor-widget-text-editor\" data-id=\"cb09d80\" data-element_type=\"widget\" data-e-type=\"widget\" data-widget_type=\"text-editor.default\">\n\t\t\t\t<div class=\"elementor-widget-container\">\n\t\t\t\t\t\t\t\t\t<p><strong>De todas las cosas que has vivido durante tu carrera, \u00bfcu\u00e1l es el mejor recuerdo que tienes hasta ahora?<br><\/strong>Muchos recuerdos son muy bonitos y son lo que me ha ayudado a ser quien soy hoy por hoy pero creo que esto del Orgullo ha sido algo que me ha marcado bastante. Estoy s\u00faper feliz. Ha sido un highlight muy grande dentro de mi carrera. Todav\u00eda no canto y ya estoy sinti\u00e9ndolo. Es muy fuerte.<\/p>\n<p><strong>No solo eres cantante, sino que tambi\u00e9n eres compositora. \u00bfQu\u00e9 te gusta m\u00e1s? \u00bfCantar o componer? <br><\/strong>Las dos. Amo canta. Primero empec\u00e9 cantando, pero componer es una vulnerabilidad, es una expresi\u00f3n, es poder decir lo que sientes sin miedo para m\u00ed. A veces uno dice lo que siente en voz alta y es dif\u00edcil, pero las canciones lo hacen m\u00e1s fluido.<\/p>\n<p><strong>Sin contar la m\u00fasica, \u00bfhay alg\u00fan \u00e1mbito art\u00edstico que te gustar\u00eda probar? <br><\/strong>Yo pint\u00e9 10 a\u00f1os. &nbsp;Hace mucho que no pintaba y hace poco fui a una de la celebraci\u00f3n de un cumplea\u00f1os de una amiga y me dijo: \u201c\u00a1Sorpresa! Vamos a pintar totte bags\u201d. Y me puse a pintar. No hab\u00eda pintado hace much\u00edsimo tiempo y de verdad me sorprend\u00ed al ver que todav\u00eda puedo.<\/p>\t\t\t\t\t\t\t\t<\/div>\n\t\t\t\t<\/div>\n\t\t\t\t\t<\/div>\n\t\t<\/div>\n\t\t\t\t\t<\/div>\n\t\t<\/section>\n\t\t\t\t<section class=\"elementor-section elementor-top-section elementor-element elementor-element-47a2fd2 elementor-section-boxed elementor-section-height-default elementor-section-height-default\" data-id=\"47a2fd2\" data-element_type=\"section\" data-e-type=\"section\">\n\t\t\t\t\t\t<div class=\"elementor-container elementor-column-gap-default\">\n\t\t\t\t\t<div class=\"elementor-column elementor-col-50 elementor-top-column elementor-element elementor-element-89b7a17\" data-id=\"89b7a17\" data-element_type=\"column\" data-e-type=\"column\">\n\t\t\t<div class=\"elementor-widget-wrap elementor-element-populated\">\n\t\t\t\t\t\t<div class=\"elementor-element elementor-element-a63ae85 elementor-widget elementor-widget-image\" data-id=\"a63ae85\" data-element_type=\"widget\" data-e-type=\"widget\" data-widget_type=\"image.default\">\n\t\t\t\t<div class=\"elementor-widget-container\">\n\t\t\t\t\t\t\t\t\t\t\t\t\t\t\t<img loading=\"lazy\" decoding=\"async\" width=\"640\" height=\"960\" src=\"https:\/\/unaymilletras.com\/wp-content\/uploads\/2023\/07\/image0-683x1024.jpeg\" class=\"attachment-large size-large wp-image-947\" alt=\"\" srcset=\"https:\/\/unaymilletras.com\/wp-content\/uploads\/2023\/07\/image0-683x1024.jpeg 683w, https:\/\/unaymilletras.com\/wp-content\/uploads\/2023\/07\/image0-e1688302567419-200x300.jpeg 200w, https:\/\/unaymilletras.com\/wp-content\/uploads\/2023\/07\/image0-768x1151.jpeg 768w, https:\/\/unaymilletras.com\/wp-content\/uploads\/2023\/07\/image0-1025x1536.jpeg 1025w, https:\/\/unaymilletras.com\/wp-content\/uploads\/2023\/07\/image0-1024x1535.jpeg 1024w, https:\/\/unaymilletras.com\/wp-content\/uploads\/2023\/07\/image0-e1688302567419.jpeg 600w\" sizes=\"(max-width: 640px) 100vw, 640px\" \/>\t\t\t\t\t\t\t\t\t\t\t\t\t\t\t<\/div>\n\t\t\t\t<\/div>\n\t\t\t\t\t<\/div>\n\t\t<\/div>\n\t\t\t\t<div class=\"elementor-column elementor-col-50 elementor-top-column elementor-element elementor-element-634e0d3\" data-id=\"634e0d3\" data-element_type=\"column\" data-e-type=\"column\">\n\t\t\t<div class=\"elementor-widget-wrap elementor-element-populated\">\n\t\t\t\t\t\t<div class=\"elementor-element elementor-element-b9e67b0 elementor-widget elementor-widget-image\" data-id=\"b9e67b0\" data-element_type=\"widget\" data-e-type=\"widget\" data-widget_type=\"image.default\">\n\t\t\t\t<div class=\"elementor-widget-container\">\n\t\t\t\t\t\t\t\t\t\t\t\t\t\t\t<img loading=\"lazy\" decoding=\"async\" width=\"640\" height=\"960\" src=\"https:\/\/unaymilletras.com\/wp-content\/uploads\/2023\/07\/image2-683x1024.jpeg\" class=\"attachment-large size-large wp-image-949\" alt=\"Na\u00edza\" srcset=\"https:\/\/unaymilletras.com\/wp-content\/uploads\/2023\/07\/image2-683x1024.jpeg 683w, https:\/\/unaymilletras.com\/wp-content\/uploads\/2023\/07\/image2-e1688302545380-200x300.jpeg 200w, https:\/\/unaymilletras.com\/wp-content\/uploads\/2023\/07\/image2-768x1151.jpeg 768w, https:\/\/unaymilletras.com\/wp-content\/uploads\/2023\/07\/image2-1025x1536.jpeg 1025w, https:\/\/unaymilletras.com\/wp-content\/uploads\/2023\/07\/image2-1024x1535.jpeg 1024w, https:\/\/unaymilletras.com\/wp-content\/uploads\/2023\/07\/image2-e1688302545380.jpeg 600w\" sizes=\"(max-width: 640px) 100vw, 640px\" \/>\t\t\t\t\t\t\t\t\t\t\t\t\t\t\t<\/div>\n\t\t\t\t<\/div>\n\t\t\t\t\t<\/div>\n\t\t<\/div>\n\t\t\t\t\t<\/div>\n\t\t<\/section>\n\t\t\t\t<section class=\"elementor-section elementor-top-section elementor-element elementor-element-04500ef elementor-section-boxed elementor-section-height-default elementor-section-height-default\" data-id=\"04500ef\" data-element_type=\"section\" data-e-type=\"section\">\n\t\t\t\t\t\t<div class=\"elementor-container elementor-column-gap-default\">\n\t\t\t\t\t<div class=\"elementor-column elementor-col-100 elementor-top-column elementor-element elementor-element-0ebddb4\" data-id=\"0ebddb4\" data-element_type=\"column\" data-e-type=\"column\">\n\t\t\t<div class=\"elementor-widget-wrap elementor-element-populated\">\n\t\t\t\t\t\t<div class=\"elementor-element elementor-element-514da20 elementor-widget elementor-widget-text-editor\" data-id=\"514da20\" data-element_type=\"widget\" data-e-type=\"widget\" data-widget_type=\"text-editor.default\">\n\t\t\t\t<div class=\"elementor-widget-container\">\n\t\t\t\t\t\t\t\t\t<p><strong>\u00bfC\u00f3mo es el mundo de la m\u00fasica? \u00bfEra c\u00f3mo te esperabas? <br \/><\/strong>No jajaja. Yo creo que cuando era chiquita yo pensaba que la m\u00fasica era completamente diferente a lo que vivo hoy por hoy. De peque\u00f1a creces con una ilusi\u00f3n y piensas que vas a sacar tu canci\u00f3n y la gente la va a escuchar y te van a poner en todos lados. Despu\u00e9s te chocas con la realidad y te das cuenta de que no funciona as\u00ed. As\u00ed que no. He aprendido bastante y por eso justamente tambi\u00e9n estudi\u00e9, para puede entender que pasaba dentro de la industria musical. Al final te pueden estafar, te pueden abrir camino para cosas muy lindas como para no. Uno tiene que estar preparado para todas estas oportunidades, sean buenas o malas.<\/p><p><strong>\u00bfQu\u00e9 es lo m\u00e1s complicado a la hora de sacar una canci\u00f3n?<br \/><\/strong>Yo me estreso porque soy la parte creativa 100%. Entonces cuando tengo que pensar en el lanzamiento pienso \u201c\u00bfy ahora?\u201d. Pero lo disfruto tambi\u00e9n porque aprendo bastante. Lo m\u00e1s complicado es sentir que tu canci\u00f3n no va a tener tanta repercusi\u00f3n como t\u00fa esperas, o que tal vez a ti te gusta mucho y te das cuenta de que tal vez no era lo que es. juegan muchas cosas a favor y en contra.<\/p>\t\t\t\t\t\t\t\t<\/div>\n\t\t\t\t<\/div>\n\t\t\t\t\t<\/div>\n\t\t<\/div>\n\t\t\t\t\t<\/div>\n\t\t<\/section>\n\t\t\t\t<section class=\"elementor-section elementor-top-section elementor-element elementor-element-8c6b167 elementor-section-boxed elementor-section-height-default elementor-section-height-default\" data-id=\"8c6b167\" data-element_type=\"section\" data-e-type=\"section\">\n\t\t\t\t\t\t<div class=\"elementor-container elementor-column-gap-default\">\n\t\t\t\t\t<div class=\"elementor-column elementor-col-100 elementor-top-column elementor-element elementor-element-a8476cc\" data-id=\"a8476cc\" data-element_type=\"column\" data-e-type=\"column\">\n\t\t\t<div class=\"elementor-widget-wrap elementor-element-populated\">\n\t\t\t\t\t\t<div class=\"elementor-element elementor-element-fe93a77 elementor-widget elementor-widget-video\" data-id=\"fe93a77\" data-element_type=\"widget\" data-e-type=\"widget\" data-settings=\"{&quot;youtube_url&quot;:&quot;https:\\\/\\\/www.youtube.com\\\/watch?v=A680yXDMwKY&quot;,&quot;video_type&quot;:&quot;youtube&quot;,&quot;controls&quot;:&quot;yes&quot;}\" data-widget_type=\"video.default\">\n\t\t\t\t<div class=\"elementor-widget-container\">\n\t\t\t\t\t\t\t<div class=\"elementor-wrapper elementor-open-inline\">\n\t\t\t<div class=\"elementor-video\"><\/div>\t\t<\/div>\n\t\t\t\t\t\t<\/div>\n\t\t\t\t<\/div>\n\t\t\t\t\t<\/div>\n\t\t<\/div>\n\t\t\t\t\t<\/div>\n\t\t<\/section>\n\t\t\t\t<section class=\"elementor-section elementor-top-section elementor-element elementor-element-2458bfe elementor-section-boxed elementor-section-height-default elementor-section-height-default\" data-id=\"2458bfe\" data-element_type=\"section\" data-e-type=\"section\">\n\t\t\t\t\t\t<div class=\"elementor-container elementor-column-gap-default\">\n\t\t\t\t\t<div class=\"elementor-column elementor-col-100 elementor-top-column elementor-element elementor-element-d55e566\" data-id=\"d55e566\" data-element_type=\"column\" data-e-type=\"column\">\n\t\t\t<div class=\"elementor-widget-wrap elementor-element-populated\">\n\t\t\t\t\t\t<div class=\"elementor-element elementor-element-2060997 elementor-widget elementor-widget-text-editor\" data-id=\"2060997\" data-element_type=\"widget\" data-e-type=\"widget\" data-widget_type=\"text-editor.default\">\n\t\t\t\t<div class=\"elementor-widget-container\">\n\t\t\t\t\t\t\t\t\t<p><strong>Bueno, por ahora te ha ido muy bien cada vez que has sacado canciones.<br \/><\/strong>Es que me lo he tomado con tanta tranquilidad. He estado en una posici\u00f3n ahora de no expectativas, simplemente fluir y como he estado fluyendo me han salido las cosas. Uno dice siempre que las personas son energ\u00edas y atraen lo que son y como estoy tan tranquila me han aparecido cosas bonitas.<\/p><p><strong>Estuviste un sin sacar m\u00fasica. <br \/><\/strong>S\u00ed. Estuve bastante tiempo en el estudio, viendo qu\u00e9 es lo que yo quer\u00eda ser como artista, el g\u00e9nero que yo quer\u00eda, que me represente. Que me sintiese c\u00f3moda con qu\u00e9 es lo que quer\u00eda hacer y qu\u00e9 es lo que no quer\u00eda hacer. Fue un a\u00f1o que tom\u00e9 como para asentar cabeza.<\/p><p><strong>\u00bfHay algo que te sorprendi\u00f3 ese proceso?<br \/><\/strong>Hace dos a\u00f1os era completamente diferente a lo que soy hoy. Vivimos pandemia, cosas s\u00faper tristes tambi\u00e9n. Todo eso me ayud\u00f3 a crecer como persona, a sentirme diferente, por eso es que la m\u00fasica cambi\u00f3 bastante desde que yo empec\u00e9 hasta ahora. Todo ha sido un aprendizaje y todo ha sido para mi crecimiento personal y profesional. Yo nunca me imagin\u00e9 haber hecho esto. <em>Perd\u00f3name<\/em> lo hice al principio de 2022 y lo lanc\u00e9 a principios de 2023, pero yo ten\u00eda esa canci\u00f3n hecha. Me acuerdo que cuando la hice me dijeron que eso no estaba sonando y a mi no me importaba, era lo que quer\u00eda hacer, era lo que me gustaba. Ya despu\u00e9s la gente empez\u00f3 a sacar m\u00e1s ese g\u00e9nero. Me adelant\u00e9 y nadie lo sabe jajaja. Saqu\u00e9 perd\u00f3name sin saber que en unos meses iba a estar aqu\u00ed cantando en el Orgullo.<\/p>\t\t\t\t\t\t\t\t<\/div>\n\t\t\t\t<\/div>\n\t\t\t\t\t<\/div>\n\t\t<\/div>\n\t\t\t\t\t<\/div>\n\t\t<\/section>\n\t\t\t\t<section class=\"elementor-section elementor-top-section elementor-element elementor-element-645ea66 elementor-section-boxed elementor-section-height-default elementor-section-height-default\" data-id=\"645ea66\" data-element_type=\"section\" data-e-type=\"section\">\n\t\t\t\t\t\t<div class=\"elementor-container elementor-column-gap-default\">\n\t\t\t\t\t<div class=\"elementor-column elementor-col-50 elementor-top-column elementor-element elementor-element-1c8de88\" data-id=\"1c8de88\" data-element_type=\"column\" data-e-type=\"column\">\n\t\t\t<div class=\"elementor-widget-wrap elementor-element-populated\">\n\t\t\t\t\t\t<div class=\"elementor-element elementor-element-609d10d elementor-widget elementor-widget-image\" data-id=\"609d10d\" data-element_type=\"widget\" data-e-type=\"widget\" data-widget_type=\"image.default\">\n\t\t\t\t<div class=\"elementor-widget-container\">\n\t\t\t\t\t\t\t\t\t\t\t\t\t\t\t<img loading=\"lazy\" decoding=\"async\" width=\"640\" height=\"800\" src=\"https:\/\/unaymilletras.com\/wp-content\/uploads\/2023\/07\/IMG_3907.jpg\" class=\"attachment-large size-large wp-image-961\" alt=\"\" srcset=\"https:\/\/unaymilletras.com\/wp-content\/uploads\/2023\/07\/IMG_3907.jpg 818w, https:\/\/unaymilletras.com\/wp-content\/uploads\/2023\/07\/IMG_3907-240x300.jpg 240w, https:\/\/unaymilletras.com\/wp-content\/uploads\/2023\/07\/IMG_3907-768x960.jpg 768w\" sizes=\"(max-width: 640px) 100vw, 640px\" \/>\t\t\t\t\t\t\t\t\t\t\t\t\t\t\t<\/div>\n\t\t\t\t<\/div>\n\t\t\t\t\t<\/div>\n\t\t<\/div>\n\t\t\t\t<div class=\"elementor-column elementor-col-50 elementor-top-column elementor-element elementor-element-93b3902\" data-id=\"93b3902\" data-element_type=\"column\" data-e-type=\"column\">\n\t\t\t<div class=\"elementor-widget-wrap elementor-element-populated\">\n\t\t\t\t\t\t<div class=\"elementor-element elementor-element-792d06f elementor-widget__width-initial elementor-widget elementor-widget-image\" data-id=\"792d06f\" data-element_type=\"widget\" data-e-type=\"widget\" data-widget_type=\"image.default\">\n\t\t\t\t<div class=\"elementor-widget-container\">\n\t\t\t\t\t\t\t\t\t\t\t\t\t\t\t<img loading=\"lazy\" decoding=\"async\" width=\"640\" height=\"800\" src=\"https:\/\/unaymilletras.com\/wp-content\/uploads\/2023\/07\/IMG_3906.jpg\" class=\"attachment-large size-large wp-image-960\" alt=\"\" srcset=\"https:\/\/unaymilletras.com\/wp-content\/uploads\/2023\/07\/IMG_3906.jpg 819w, https:\/\/unaymilletras.com\/wp-content\/uploads\/2023\/07\/IMG_3906-240x300.jpg 240w, https:\/\/unaymilletras.com\/wp-content\/uploads\/2023\/07\/IMG_3906-768x960.jpg 768w\" sizes=\"(max-width: 640px) 100vw, 640px\" \/>\t\t\t\t\t\t\t\t\t\t\t\t\t\t\t<\/div>\n\t\t\t\t<\/div>\n\t\t\t\t\t<\/div>\n\t\t<\/div>\n\t\t\t\t\t<\/div>\n\t\t<\/section>\n\t\t\t\t<section class=\"elementor-section elementor-top-section elementor-element elementor-element-a5e2d3a elementor-section-boxed elementor-section-height-default elementor-section-height-default\" data-id=\"a5e2d3a\" data-element_type=\"section\" data-e-type=\"section\">\n\t\t\t\t\t\t<div class=\"elementor-container elementor-column-gap-default\">\n\t\t\t\t\t<div class=\"elementor-column elementor-col-100 elementor-top-column elementor-element elementor-element-64e1a8e\" data-id=\"64e1a8e\" data-element_type=\"column\" data-e-type=\"column\">\n\t\t\t<div class=\"elementor-widget-wrap elementor-element-populated\">\n\t\t\t\t\t\t<div class=\"elementor-element elementor-element-3abcab6 elementor-widget elementor-widget-text-editor\" data-id=\"3abcab6\" data-element_type=\"widget\" data-e-type=\"widget\" data-widget_type=\"text-editor.default\">\n\t\t\t\t<div class=\"elementor-widget-container\">\n\t\t\t\t\t\t\t\t\t<p><strong>La \u00faltima vez que estuviste en Espa\u00f1a hablaste de que estabas preparando un \u00e1lbum. \u00bfC\u00f3mo va? \u00bfHay alg\u00fan adelanto? <br \/><\/strong>Ah\u00ed va. Ah\u00ed estamos trabajando. Estamos estamos creando los artes. El siguiente single del \u00e1lbum va a salir en estas semanas. Tambi\u00e9n estoy terminando de grabar canciones porque hab\u00eda hecho algunas y estaba escogiendo todav\u00eda el repertorio. Entonces estoy terminando de escogerlas.<\/p><p><strong>\u00bfAlguna colaboraci\u00f3n sorpresa?<br \/><\/strong>S\u00ed, pero es sorpresa.<\/p>\t\t\t\t\t\t\t\t<\/div>\n\t\t\t\t<\/div>\n\t\t\t\t\t<\/div>\n\t\t<\/div>\n\t\t\t\t\t<\/div>\n\t\t<\/section>\n\t\t\t\t<\/div>","protected":false},"excerpt":{"rendered":"<p>NA\u00cdZA actuar\u00e1 hoy a las 20:20 en el escenario del Orgullo Latino en Plaza de Espa\u00f1a NA\u00cdZA es una artista ecuatoriana que gracias a su talento ha logrado colarse entre las 100 canciones m\u00e1s escuchadas en Madrid.&nbsp;Perd\u00f3name y&nbsp;120 son sus sencillos m\u00e1s recientes y con los que ha conquistado a miles de personas.&nbsp; Asimismo, NAIZA [&hellip;]<\/p>\n","protected":false},"author":1,"featured_media":948,"comment_status":"open","ping_status":"open","sticky":false,"template":"","format":"standard","meta":{"footnotes":""},"categories":[112,4],"tags":[],"class_list":["post-946","post","type-post","status-publish","format-standard","has-post-thumbnail","hentry","category-entrevistas","category-musica"],"yoast_head":"<!-- This site is optimized with the Yoast SEO plugin v27.4 - https:\/\/yoast.com\/product\/yoast-seo-wordpress\/ -->\n<title>NA\u00cdZA: \u201cHace a\u00f1os que no lloraba de la emoci\u00f3n\u201d &#8902; Una y Mil Letras<\/title>\n<meta name=\"description\" content=\"NA\u00cdZA actuar\u00e1 hoy a las 20:20 en el escenario del Orgullo Latino en Plaza de Espa\u00f1a donde presentar\u00e1 sus singles &quot;Perd\u00f3name&quot; y &quot;120&quot;\" \/>\n<meta name=\"robots\" content=\"index, follow, max-snippet:-1, max-image-preview:large, max-video-preview:-1\" \/>\n<link rel=\"canonical\" href=\"https:\/\/unaymilletras.com\/en\/naiza-hace-anos-que-no-lloraba-de-la-emocion\/\" \/>\n<meta property=\"og:locale\" content=\"en_GB\" \/>\n<meta property=\"og:type\" content=\"article\" \/>\n<meta property=\"og:title\" content=\"NA\u00cdZA: \u201cHace a\u00f1os que no lloraba de la emoci\u00f3n\u201d &#8902; Una y Mil Letras\" \/>\n<meta property=\"og:description\" content=\"NA\u00cdZA actuar\u00e1 hoy a las 20:20 en el escenario del Orgullo Latino en Plaza de Espa\u00f1a donde presentar\u00e1 sus singles &quot;Perd\u00f3name&quot; y &quot;120&quot;\" \/>\n<meta property=\"og:url\" content=\"https:\/\/unaymilletras.com\/en\/naiza-hace-anos-que-no-lloraba-de-la-emocion\/\" \/>\n<meta property=\"og:site_name\" content=\"Una y Mil Letras\" \/>\n<meta property=\"article:published_time\" content=\"2023-07-02T13:28:22+00:00\" \/>\n<meta property=\"article:modified_time\" content=\"2023-07-02T13:28:26+00:00\" \/>\n<meta property=\"og:image\" content=\"https:\/\/unaymilletras.com\/wp-content\/uploads\/2023\/07\/image1-e1688301911376.jpeg\" \/>\n\t<meta property=\"og:image:width\" content=\"600\" \/>\n\t<meta property=\"og:image:height\" content=\"900\" \/>\n\t<meta property=\"og:image:type\" content=\"image\/jpeg\" \/>\n<meta name=\"author\" content=\"Maria Gil Robledo\" \/>\n<meta name=\"twitter:card\" content=\"summary_large_image\" \/>\n<meta name=\"twitter:creator\" content=\"@UnaYMilLetras\" \/>\n<meta name=\"twitter:site\" content=\"@UnaYMilLetras\" \/>\n<meta name=\"twitter:label1\" content=\"Written by\" \/>\n\t<meta name=\"twitter:data1\" content=\"Maria Gil Robledo\" \/>\n\t<meta name=\"twitter:label2\" content=\"Estimated reading time\" \/>\n\t<meta name=\"twitter:data2\" content=\"11 minutes\" \/>\n<script type=\"application\/ld+json\" class=\"yoast-schema-graph\">{\"@context\":\"https:\\\/\\\/schema.org\",\"@graph\":[{\"@type\":\"Article\",\"@id\":\"https:\\\/\\\/unaymilletras.com\\\/naiza-hace-anos-que-no-lloraba-de-la-emocion\\\/#article\",\"isPartOf\":{\"@id\":\"https:\\\/\\\/unaymilletras.com\\\/naiza-hace-anos-que-no-lloraba-de-la-emocion\\\/\"},\"author\":{\"name\":\"Maria Gil Robledo\",\"@id\":\"http:\\\/\\\/unaymilletras.com\\\/#\\\/schema\\\/person\\\/d55ba681b8a4e463d8982dbe36a5dc94\"},\"headline\":\"NA\u00cdZA: \u201cHace a\u00f1os que no lloraba de la emoci\u00f3n\u201d\",\"datePublished\":\"2023-07-02T13:28:22+00:00\",\"dateModified\":\"2023-07-02T13:28:26+00:00\",\"mainEntityOfPage\":{\"@id\":\"https:\\\/\\\/unaymilletras.com\\\/naiza-hace-anos-que-no-lloraba-de-la-emocion\\\/\"},\"wordCount\":2161,\"commentCount\":0,\"publisher\":{\"@id\":\"http:\\\/\\\/unaymilletras.com\\\/#organization\"},\"image\":{\"@id\":\"https:\\\/\\\/unaymilletras.com\\\/naiza-hace-anos-que-no-lloraba-de-la-emocion\\\/#primaryimage\"},\"thumbnailUrl\":\"https:\\\/\\\/unaymilletras.com\\\/wp-content\\\/uploads\\\/2023\\\/07\\\/image1-e1688301911376.jpeg\",\"articleSection\":[\"Entrevistas\",\"M\u00fasica\"],\"inLanguage\":\"en-GB\",\"potentialAction\":[{\"@type\":\"CommentAction\",\"name\":\"Comment\",\"target\":[\"https:\\\/\\\/unaymilletras.com\\\/naiza-hace-anos-que-no-lloraba-de-la-emocion\\\/#respond\"]}]},{\"@type\":\"WebPage\",\"@id\":\"https:\\\/\\\/unaymilletras.com\\\/naiza-hace-anos-que-no-lloraba-de-la-emocion\\\/\",\"url\":\"https:\\\/\\\/unaymilletras.com\\\/naiza-hace-anos-que-no-lloraba-de-la-emocion\\\/\",\"name\":\"NA\u00cdZA: \u201cHace a\u00f1os que no lloraba de la emoci\u00f3n\u201d &#8902; Una y Mil Letras\",\"isPartOf\":{\"@id\":\"http:\\\/\\\/unaymilletras.com\\\/#website\"},\"primaryImageOfPage\":{\"@id\":\"https:\\\/\\\/unaymilletras.com\\\/naiza-hace-anos-que-no-lloraba-de-la-emocion\\\/#primaryimage\"},\"image\":{\"@id\":\"https:\\\/\\\/unaymilletras.com\\\/naiza-hace-anos-que-no-lloraba-de-la-emocion\\\/#primaryimage\"},\"thumbnailUrl\":\"https:\\\/\\\/unaymilletras.com\\\/wp-content\\\/uploads\\\/2023\\\/07\\\/image1-e1688301911376.jpeg\",\"datePublished\":\"2023-07-02T13:28:22+00:00\",\"dateModified\":\"2023-07-02T13:28:26+00:00\",\"description\":\"NA\u00cdZA actuar\u00e1 hoy a las 20:20 en el escenario del Orgullo Latino en Plaza de Espa\u00f1a donde presentar\u00e1 sus singles \\\"Perd\u00f3name\\\" y \\\"120\\\"\",\"breadcrumb\":{\"@id\":\"https:\\\/\\\/unaymilletras.com\\\/naiza-hace-anos-que-no-lloraba-de-la-emocion\\\/#breadcrumb\"},\"inLanguage\":\"en-GB\",\"potentialAction\":[{\"@type\":\"ReadAction\",\"target\":[\"https:\\\/\\\/unaymilletras.com\\\/naiza-hace-anos-que-no-lloraba-de-la-emocion\\\/\"]}]},{\"@type\":\"ImageObject\",\"inLanguage\":\"en-GB\",\"@id\":\"https:\\\/\\\/unaymilletras.com\\\/naiza-hace-anos-que-no-lloraba-de-la-emocion\\\/#primaryimage\",\"url\":\"https:\\\/\\\/unaymilletras.com\\\/wp-content\\\/uploads\\\/2023\\\/07\\\/image1-e1688301911376.jpeg\",\"contentUrl\":\"https:\\\/\\\/unaymilletras.com\\\/wp-content\\\/uploads\\\/2023\\\/07\\\/image1-e1688301911376.jpeg\",\"width\":600,\"height\":900},{\"@type\":\"BreadcrumbList\",\"@id\":\"https:\\\/\\\/unaymilletras.com\\\/naiza-hace-anos-que-no-lloraba-de-la-emocion\\\/#breadcrumb\",\"itemListElement\":[{\"@type\":\"ListItem\",\"position\":1,\"name\":\"Home\",\"item\":\"http:\\\/\\\/unaymilletras.com\\\/\"},{\"@type\":\"ListItem\",\"position\":2,\"name\":\"NA\u00cdZA: \u201cHace a\u00f1os que no lloraba de la emoci\u00f3n\u201d\"}]},{\"@type\":\"WebSite\",\"@id\":\"http:\\\/\\\/unaymilletras.com\\\/#website\",\"url\":\"http:\\\/\\\/unaymilletras.com\\\/\",\"name\":\"Una y Mil Letras\",\"description\":\"\",\"publisher\":{\"@id\":\"http:\\\/\\\/unaymilletras.com\\\/#organization\"},\"potentialAction\":[{\"@type\":\"SearchAction\",\"target\":{\"@type\":\"EntryPoint\",\"urlTemplate\":\"http:\\\/\\\/unaymilletras.com\\\/?s={search_term_string}\"},\"query-input\":{\"@type\":\"PropertyValueSpecification\",\"valueRequired\":true,\"valueName\":\"search_term_string\"}}],\"inLanguage\":\"en-GB\"},{\"@type\":\"Organization\",\"@id\":\"http:\\\/\\\/unaymilletras.com\\\/#organization\",\"name\":\"Una y Mil Letras\",\"url\":\"http:\\\/\\\/unaymilletras.com\\\/\",\"logo\":{\"@type\":\"ImageObject\",\"inLanguage\":\"en-GB\",\"@id\":\"http:\\\/\\\/unaymilletras.com\\\/#\\\/schema\\\/logo\\\/image\\\/\",\"url\":\"https:\\\/\\\/unaymilletras.com\\\/wp-content\\\/uploads\\\/2024\\\/06\\\/cropped-Logo-removebg-preview.png\",\"contentUrl\":\"https:\\\/\\\/unaymilletras.com\\\/wp-content\\\/uploads\\\/2024\\\/06\\\/cropped-Logo-removebg-preview.png\",\"width\":512,\"height\":512,\"caption\":\"Una y Mil Letras\"},\"image\":{\"@id\":\"http:\\\/\\\/unaymilletras.com\\\/#\\\/schema\\\/logo\\\/image\\\/\"},\"sameAs\":[\"https:\\\/\\\/x.com\\\/UnaYMilLetras\",\"https:\\\/\\\/instagram.com\\\/UnaYMilLetras\"]},{\"@type\":\"Person\",\"@id\":\"http:\\\/\\\/unaymilletras.com\\\/#\\\/schema\\\/person\\\/d55ba681b8a4e463d8982dbe36a5dc94\",\"name\":\"Maria Gil Robledo\",\"image\":{\"@type\":\"ImageObject\",\"inLanguage\":\"en-GB\",\"@id\":\"https:\\\/\\\/secure.gravatar.com\\\/avatar\\\/4b8e5102e0015789407eb4870b12f0f2857952d83ca124058f92b764bd1840c3?s=96&d=mm&r=g\",\"url\":\"https:\\\/\\\/secure.gravatar.com\\\/avatar\\\/4b8e5102e0015789407eb4870b12f0f2857952d83ca124058f92b764bd1840c3?s=96&d=mm&r=g\",\"contentUrl\":\"https:\\\/\\\/secure.gravatar.com\\\/avatar\\\/4b8e5102e0015789407eb4870b12f0f2857952d83ca124058f92b764bd1840c3?s=96&d=mm&r=g\",\"caption\":\"Maria Gil Robledo\"},\"sameAs\":[\"http:\\\/\\\/unaymilletras.com\"],\"url\":\"https:\\\/\\\/unaymilletras.com\\\/en\\\/author\\\/mariiagiil02_\\\/\"}]}<\/script>\n<!-- \/ Yoast SEO plugin. -->","yoast_head_json":{"title":"NA\u00cdZA: \u201cHace a\u00f1os que no lloraba de la emoci\u00f3n\u201d &#8902; Una y Mil Letras","description":"NA\u00cdZA actuar\u00e1 hoy a las 20:20 en el escenario del Orgullo Latino en Plaza de Espa\u00f1a donde presentar\u00e1 sus singles \"Perd\u00f3name\" y \"120\"","robots":{"index":"index","follow":"follow","max-snippet":"max-snippet:-1","max-image-preview":"max-image-preview:large","max-video-preview":"max-video-preview:-1"},"canonical":"https:\/\/unaymilletras.com\/en\/naiza-hace-anos-que-no-lloraba-de-la-emocion\/","og_locale":"en_GB","og_type":"article","og_title":"NA\u00cdZA: \u201cHace a\u00f1os que no lloraba de la emoci\u00f3n\u201d &#8902; Una y Mil Letras","og_description":"NA\u00cdZA actuar\u00e1 hoy a las 20:20 en el escenario del Orgullo Latino en Plaza de Espa\u00f1a donde presentar\u00e1 sus singles \"Perd\u00f3name\" y \"120\"","og_url":"https:\/\/unaymilletras.com\/en\/naiza-hace-anos-que-no-lloraba-de-la-emocion\/","og_site_name":"Una y Mil Letras","article_published_time":"2023-07-02T13:28:22+00:00","article_modified_time":"2023-07-02T13:28:26+00:00","og_image":[{"width":600,"height":900,"url":"https:\/\/unaymilletras.com\/wp-content\/uploads\/2023\/07\/image1-e1688301911376.jpeg","type":"image\/jpeg"}],"author":"Maria Gil Robledo","twitter_card":"summary_large_image","twitter_creator":"@UnaYMilLetras","twitter_site":"@UnaYMilLetras","twitter_misc":{"Written by":"Maria Gil Robledo","Estimated reading time":"11 minutes"},"schema":{"@context":"https:\/\/schema.org","@graph":[{"@type":"Article","@id":"https:\/\/unaymilletras.com\/naiza-hace-anos-que-no-lloraba-de-la-emocion\/#article","isPartOf":{"@id":"https:\/\/unaymilletras.com\/naiza-hace-anos-que-no-lloraba-de-la-emocion\/"},"author":{"name":"Maria Gil Robledo","@id":"http:\/\/unaymilletras.com\/#\/schema\/person\/d55ba681b8a4e463d8982dbe36a5dc94"},"headline":"NA\u00cdZA: \u201cHace a\u00f1os que no lloraba de la emoci\u00f3n\u201d","datePublished":"2023-07-02T13:28:22+00:00","dateModified":"2023-07-02T13:28:26+00:00","mainEntityOfPage":{"@id":"https:\/\/unaymilletras.com\/naiza-hace-anos-que-no-lloraba-de-la-emocion\/"},"wordCount":2161,"commentCount":0,"publisher":{"@id":"http:\/\/unaymilletras.com\/#organization"},"image":{"@id":"https:\/\/unaymilletras.com\/naiza-hace-anos-que-no-lloraba-de-la-emocion\/#primaryimage"},"thumbnailUrl":"https:\/\/unaymilletras.com\/wp-content\/uploads\/2023\/07\/image1-e1688301911376.jpeg","articleSection":["Entrevistas","M\u00fasica"],"inLanguage":"en-GB","potentialAction":[{"@type":"CommentAction","name":"Comment","target":["https:\/\/unaymilletras.com\/naiza-hace-anos-que-no-lloraba-de-la-emocion\/#respond"]}]},{"@type":"WebPage","@id":"https:\/\/unaymilletras.com\/naiza-hace-anos-que-no-lloraba-de-la-emocion\/","url":"https:\/\/unaymilletras.com\/naiza-hace-anos-que-no-lloraba-de-la-emocion\/","name":"NA\u00cdZA: \u201cHace a\u00f1os que no lloraba de la emoci\u00f3n\u201d &#8902; Una y Mil Letras","isPartOf":{"@id":"http:\/\/unaymilletras.com\/#website"},"primaryImageOfPage":{"@id":"https:\/\/unaymilletras.com\/naiza-hace-anos-que-no-lloraba-de-la-emocion\/#primaryimage"},"image":{"@id":"https:\/\/unaymilletras.com\/naiza-hace-anos-que-no-lloraba-de-la-emocion\/#primaryimage"},"thumbnailUrl":"https:\/\/unaymilletras.com\/wp-content\/uploads\/2023\/07\/image1-e1688301911376.jpeg","datePublished":"2023-07-02T13:28:22+00:00","dateModified":"2023-07-02T13:28:26+00:00","description":"NA\u00cdZA actuar\u00e1 hoy a las 20:20 en el escenario del Orgullo Latino en Plaza de Espa\u00f1a donde presentar\u00e1 sus singles \"Perd\u00f3name\" y \"120\"","breadcrumb":{"@id":"https:\/\/unaymilletras.com\/naiza-hace-anos-que-no-lloraba-de-la-emocion\/#breadcrumb"},"inLanguage":"en-GB","potentialAction":[{"@type":"ReadAction","target":["https:\/\/unaymilletras.com\/naiza-hace-anos-que-no-lloraba-de-la-emocion\/"]}]},{"@type":"ImageObject","inLanguage":"en-GB","@id":"https:\/\/unaymilletras.com\/naiza-hace-anos-que-no-lloraba-de-la-emocion\/#primaryimage","url":"https:\/\/unaymilletras.com\/wp-content\/uploads\/2023\/07\/image1-e1688301911376.jpeg","contentUrl":"https:\/\/unaymilletras.com\/wp-content\/uploads\/2023\/07\/image1-e1688301911376.jpeg","width":600,"height":900},{"@type":"BreadcrumbList","@id":"https:\/\/unaymilletras.com\/naiza-hace-anos-que-no-lloraba-de-la-emocion\/#breadcrumb","itemListElement":[{"@type":"ListItem","position":1,"name":"Home","item":"http:\/\/unaymilletras.com\/"},{"@type":"ListItem","position":2,"name":"NA\u00cdZA: \u201cHace a\u00f1os que no lloraba de la emoci\u00f3n\u201d"}]},{"@type":"WebSite","@id":"http:\/\/unaymilletras.com\/#website","url":"http:\/\/unaymilletras.com\/","name":"Una y Mil Letras","description":"","publisher":{"@id":"http:\/\/unaymilletras.com\/#organization"},"potentialAction":[{"@type":"SearchAction","target":{"@type":"EntryPoint","urlTemplate":"http:\/\/unaymilletras.com\/?s={search_term_string}"},"query-input":{"@type":"PropertyValueSpecification","valueRequired":true,"valueName":"search_term_string"}}],"inLanguage":"en-GB"},{"@type":"Organization","@id":"http:\/\/unaymilletras.com\/#organization","name":"Una y Mil Letras","url":"http:\/\/unaymilletras.com\/","logo":{"@type":"ImageObject","inLanguage":"en-GB","@id":"http:\/\/unaymilletras.com\/#\/schema\/logo\/image\/","url":"https:\/\/unaymilletras.com\/wp-content\/uploads\/2024\/06\/cropped-Logo-removebg-preview.png","contentUrl":"https:\/\/unaymilletras.com\/wp-content\/uploads\/2024\/06\/cropped-Logo-removebg-preview.png","width":512,"height":512,"caption":"Una y Mil Letras"},"image":{"@id":"http:\/\/unaymilletras.com\/#\/schema\/logo\/image\/"},"sameAs":["https:\/\/x.com\/UnaYMilLetras","https:\/\/instagram.com\/UnaYMilLetras"]},{"@type":"Person","@id":"http:\/\/unaymilletras.com\/#\/schema\/person\/d55ba681b8a4e463d8982dbe36a5dc94","name":"Maria Gil Robledo","image":{"@type":"ImageObject","inLanguage":"en-GB","@id":"https:\/\/secure.gravatar.com\/avatar\/4b8e5102e0015789407eb4870b12f0f2857952d83ca124058f92b764bd1840c3?s=96&d=mm&r=g","url":"https:\/\/secure.gravatar.com\/avatar\/4b8e5102e0015789407eb4870b12f0f2857952d83ca124058f92b764bd1840c3?s=96&d=mm&r=g","contentUrl":"https:\/\/secure.gravatar.com\/avatar\/4b8e5102e0015789407eb4870b12f0f2857952d83ca124058f92b764bd1840c3?s=96&d=mm&r=g","caption":"Maria Gil Robledo"},"sameAs":["http:\/\/unaymilletras.com"],"url":"https:\/\/unaymilletras.com\/en\/author\/mariiagiil02_\/"}]}},"_links":{"self":[{"href":"https:\/\/unaymilletras.com\/en\/wp-json\/wp\/v2\/posts\/946","targetHints":{"allow":["GET"]}}],"collection":[{"href":"https:\/\/unaymilletras.com\/en\/wp-json\/wp\/v2\/posts"}],"about":[{"href":"https:\/\/unaymilletras.com\/en\/wp-json\/wp\/v2\/types\/post"}],"author":[{"embeddable":true,"href":"https:\/\/unaymilletras.com\/en\/wp-json\/wp\/v2\/users\/1"}],"replies":[{"embeddable":true,"href":"https:\/\/unaymilletras.com\/en\/wp-json\/wp\/v2\/comments?post=946"}],"version-history":[{"count":11,"href":"https:\/\/unaymilletras.com\/en\/wp-json\/wp\/v2\/posts\/946\/revisions"}],"predecessor-version":[{"id":968,"href":"https:\/\/unaymilletras.com\/en\/wp-json\/wp\/v2\/posts\/946\/revisions\/968"}],"wp:featuredmedia":[{"embeddable":true,"href":"https:\/\/unaymilletras.com\/en\/wp-json\/wp\/v2\/media\/948"}],"wp:attachment":[{"href":"https:\/\/unaymilletras.com\/en\/wp-json\/wp\/v2\/media?parent=946"}],"wp:term":[{"taxonomy":"category","embeddable":true,"href":"https:\/\/unaymilletras.com\/en\/wp-json\/wp\/v2\/categories?post=946"},{"taxonomy":"post_tag","embeddable":true,"href":"https:\/\/unaymilletras.com\/en\/wp-json\/wp\/v2\/tags?post=946"}],"curies":[{"name":"wp","href":"https:\/\/api.w.org\/{rel}","templated":true}]}}