{"id":969,"date":"2023-07-04T16:05:26","date_gmt":"2023-07-04T14:05:26","guid":{"rendered":"http:\/\/unaymilletras.com\/?p=969"},"modified":"2023-07-30T12:13:11","modified_gmt":"2023-07-30T10:13:11","slug":"duki-dispuesto-a-conquistar-el-estudio-santiago-bernabeu","status":"publish","type":"post","link":"https:\/\/unaymilletras.com\/en\/duki-dispuesto-a-conquistar-el-estudio-santiago-bernabeu\/","title":{"rendered":"Duki, dispuesto a conquistar el Estadio Santiago Bernab\u00e9u"},"content":{"rendered":"<div data-elementor-type=\"wp-post\" data-elementor-id=\"969\" class=\"elementor elementor-969\">\n\t\t\t\t\t\t<section class=\"elementor-section elementor-top-section elementor-element elementor-element-9a6c3bc elementor-section-boxed elementor-section-height-default elementor-section-height-default\" data-id=\"9a6c3bc\" data-element_type=\"section\" data-e-type=\"section\">\n\t\t\t\t\t\t<div class=\"elementor-container elementor-column-gap-default\">\n\t\t\t\t\t<div class=\"elementor-column elementor-col-100 elementor-top-column elementor-element elementor-element-dc9e73b\" data-id=\"dc9e73b\" data-element_type=\"column\" data-e-type=\"column\">\n\t\t\t<div class=\"elementor-widget-wrap elementor-element-populated\">\n\t\t\t\t\t\t<div class=\"elementor-element elementor-element-c872196 elementor-widget elementor-widget-text-editor\" data-id=\"c872196\" data-element_type=\"widget\" data-e-type=\"widget\" data-widget_type=\"text-editor.default\">\n\t\t\t\t<div class=\"elementor-widget-container\">\n\t\t\t\t\t\t\t\t\t<h2><span style=\"color: #808080;\"><em>El pr\u00f3ximo 8 de junio Duki ofrecer\u00e1 un concierto en el nuevo Estadio Santiago Bernab\u00e9u, en la capital espa\u00f1ola<\/em><\/span><\/h2>\t\t\t\t\t\t\t\t<\/div>\n\t\t\t\t<\/div>\n\t\t\t\t\t<\/div>\n\t\t<\/div>\n\t\t\t\t\t<\/div>\n\t\t<\/section>\n\t\t\t\t<section class=\"elementor-section elementor-top-section elementor-element elementor-element-8e44c88 elementor-section-boxed elementor-section-height-default elementor-section-height-default\" data-id=\"8e44c88\" data-element_type=\"section\" data-e-type=\"section\">\n\t\t\t\t\t\t<div class=\"elementor-container elementor-column-gap-default\">\n\t\t\t\t\t<div class=\"elementor-column elementor-col-100 elementor-top-column elementor-element elementor-element-4366c43\" data-id=\"4366c43\" data-element_type=\"column\" data-e-type=\"column\">\n\t\t\t<div class=\"elementor-widget-wrap elementor-element-populated\">\n\t\t\t\t\t\t<div class=\"elementor-element elementor-element-5e6a4aa elementor-widget elementor-widget-text-editor\" data-id=\"5e6a4aa\" data-element_type=\"widget\" data-e-type=\"widget\" data-widget_type=\"text-editor.default\">\n\t\t\t\t<div class=\"elementor-widget-container\">\n\t\t\t\t\t\t\t\t\t<p>Ante m\u00e1s de 3,5 millones de personas anunciaba <strong>Duki<\/strong> que su pr\u00f3ximo concierto en Espa\u00f1a tendr\u00eda lugar el <b>8 de junio de 2024<\/b> en el <b>Estadio Santiago Bernab\u00e9u<\/b>. Fue durante su actuaci\u00f3n en La Velada del A\u00f1o III en el C\u00edvitas Metropolitano de Madrid cuando decidi\u00f3 lanzar esta bomba. Ser\u00e1 el pr\u00f3ximo <b>7 de julio cuando<\/b> los fans podr\u00e1n empezar a comprar las entradas para este gran show.<\/p>\t\t\t\t\t\t\t\t<\/div>\n\t\t\t\t<\/div>\n\t\t\t\t\t<\/div>\n\t\t<\/div>\n\t\t\t\t\t<\/div>\n\t\t<\/section>\n\t\t\t\t<section class=\"elementor-section elementor-top-section elementor-element elementor-element-9ce3c22 elementor-section-boxed elementor-section-height-default elementor-section-height-default\" data-id=\"9ce3c22\" data-element_type=\"section\" data-e-type=\"section\">\n\t\t\t\t\t\t<div class=\"elementor-container elementor-column-gap-default\">\n\t\t\t\t\t<div class=\"elementor-column elementor-col-100 elementor-top-column elementor-element elementor-element-3422f83\" data-id=\"3422f83\" data-element_type=\"column\" data-e-type=\"column\">\n\t\t\t<div class=\"elementor-widget-wrap elementor-element-populated\">\n\t\t\t\t\t\t<div class=\"elementor-element elementor-element-9403c89 elementor-widget elementor-widget-image\" data-id=\"9403c89\" data-element_type=\"widget\" data-e-type=\"widget\" data-widget_type=\"image.default\">\n\t\t\t\t<div class=\"elementor-widget-container\">\n\t\t\t\t\t\t\t\t\t\t\t\t\t\t\t<img fetchpriority=\"high\" decoding=\"async\" width=\"640\" height=\"640\" src=\"https:\/\/unaymilletras.com\/wp-content\/uploads\/2023\/07\/Duki-Bernabeu-Feed4-1024x1024.jpg\" class=\"attachment-large size-large wp-image-983\" alt=\"Duki\" srcset=\"https:\/\/unaymilletras.com\/wp-content\/uploads\/2023\/07\/Duki-Bernabeu-Feed4-1024x1024.jpg 1024w, https:\/\/unaymilletras.com\/wp-content\/uploads\/2023\/07\/Duki-Bernabeu-Feed4-scaled-e1688480197554-300x300.jpg 300w, https:\/\/unaymilletras.com\/wp-content\/uploads\/2023\/07\/Duki-Bernabeu-Feed4-scaled-e1688480197554-150x150.jpg 150w, https:\/\/unaymilletras.com\/wp-content\/uploads\/2023\/07\/Duki-Bernabeu-Feed4-768x768.jpg 768w, https:\/\/unaymilletras.com\/wp-content\/uploads\/2023\/07\/Duki-Bernabeu-Feed4-1536x1536.jpg 1536w, https:\/\/unaymilletras.com\/wp-content\/uploads\/2023\/07\/Duki-Bernabeu-Feed4-2048x2048.jpg 2048w, https:\/\/unaymilletras.com\/wp-content\/uploads\/2023\/07\/Duki-Bernabeu-Feed4-scaled-e1688480197554.jpg 600w\" sizes=\"(max-width: 640px) 100vw, 640px\" \/>\t\t\t\t\t\t\t\t\t\t\t\t\t\t\t<\/div>\n\t\t\t\t<\/div>\n\t\t\t\t\t<\/div>\n\t\t<\/div>\n\t\t\t\t\t<\/div>\n\t\t<\/section>\n\t\t\t\t<section class=\"elementor-section elementor-top-section elementor-element elementor-element-40fe430 elementor-section-boxed elementor-section-height-default elementor-section-height-default\" data-id=\"40fe430\" data-element_type=\"section\" data-e-type=\"section\">\n\t\t\t\t\t\t<div class=\"elementor-container elementor-column-gap-default\">\n\t\t\t\t\t<div class=\"elementor-column elementor-col-100 elementor-top-column elementor-element elementor-element-4dc2e34\" data-id=\"4dc2e34\" data-element_type=\"column\" data-e-type=\"column\">\n\t\t\t<div class=\"elementor-widget-wrap elementor-element-populated\">\n\t\t\t\t\t\t<div class=\"elementor-element elementor-element-c53fcb8 elementor-widget elementor-widget-text-editor\" data-id=\"c53fcb8\" data-element_type=\"widget\" data-e-type=\"widget\" data-widget_type=\"text-editor.default\">\n\t\t\t\t<div class=\"elementor-widget-container\">\n\t\t\t\t\t\t\t\t\t<p>Esto supone un paso m\u00e1s en la carrera art\u00edstica de Duki. Acaba de convertirse en el primer artista perteneciente a su movimiento en anunciar una fecha en un estadio de f\u00fatbol en Espa\u00f1a. El Estadio Santiago Bernab\u00e9u acaba de ser renovado y cuenta con un aforo de m\u00e1s de <b>60.000 personas<\/b>.<\/p>\n<p>No conforme con haber conseguido dos <em><b>sold out<\/b><\/em>&nbsp;en tan solo dos d\u00edas en el <b>Estadio River<\/b> de Argentina, ahora el trapero argentino anuncia esta nueva fecha en Madrid, la capital espa\u00f1ola. Tan solo una semana antes hab\u00eda anunciado la primera fecha del estadio argentino. En cuanto las entradas se agotaron laz\u00f3 un segundo show, que tambi\u00e9n necesit\u00f3 poco tiempo para venderse por completo. En total. Ha logrado vender m\u00e1s de 150.000 entradas en tan solo dos d\u00edas. Es as\u00ed como se ha convertido en el artista m\u00e1s joven en completar este aforo.<\/p>\t\t\t\t\t\t\t\t<\/div>\n\t\t\t\t<\/div>\n\t\t\t\t\t<\/div>\n\t\t<\/div>\n\t\t\t\t\t<\/div>\n\t\t<\/section>\n\t\t\t\t<section class=\"elementor-section elementor-top-section elementor-element elementor-element-ed82d43 elementor-section-boxed elementor-section-height-default elementor-section-height-default\" data-id=\"ed82d43\" data-element_type=\"section\" data-e-type=\"section\">\n\t\t\t\t\t\t<div class=\"elementor-container elementor-column-gap-default\">\n\t\t\t\t\t<div class=\"elementor-column elementor-col-50 elementor-top-column elementor-element elementor-element-5379075\" data-id=\"5379075\" data-element_type=\"column\" data-e-type=\"column\">\n\t\t\t<div class=\"elementor-widget-wrap elementor-element-populated\">\n\t\t\t\t\t\t<div class=\"elementor-element elementor-element-c49d7e4 elementor-widget elementor-widget-image\" data-id=\"c49d7e4\" data-element_type=\"widget\" data-e-type=\"widget\" data-widget_type=\"image.default\">\n\t\t\t\t<div class=\"elementor-widget-container\">\n\t\t\t\t\t\t\t\t\t\t\t\t\t\t\t<img decoding=\"async\" width=\"640\" height=\"961\" src=\"https:\/\/unaymilletras.com\/wp-content\/uploads\/2023\/07\/duuki-682x1024.jpeg\" class=\"attachment-large size-large wp-image-985\" alt=\"Duki\" srcset=\"https:\/\/unaymilletras.com\/wp-content\/uploads\/2023\/07\/duuki-682x1024.jpeg 682w, https:\/\/unaymilletras.com\/wp-content\/uploads\/2023\/07\/duuki-e1688480222179-200x300.jpeg 200w, https:\/\/unaymilletras.com\/wp-content\/uploads\/2023\/07\/duuki-768x1153.jpeg 768w, https:\/\/unaymilletras.com\/wp-content\/uploads\/2023\/07\/duuki-1023x1536.jpeg 1023w, https:\/\/unaymilletras.com\/wp-content\/uploads\/2023\/07\/duuki-1024x1537.jpeg 1024w, https:\/\/unaymilletras.com\/wp-content\/uploads\/2023\/07\/duuki-e1688480222179.jpeg 600w\" sizes=\"(max-width: 640px) 100vw, 640px\" \/>\t\t\t\t\t\t\t\t\t\t\t\t\t\t\t<\/div>\n\t\t\t\t<\/div>\n\t\t\t\t\t<\/div>\n\t\t<\/div>\n\t\t\t\t<div class=\"elementor-column elementor-col-50 elementor-top-column elementor-element elementor-element-127dd6f\" data-id=\"127dd6f\" data-element_type=\"column\" data-e-type=\"column\">\n\t\t\t<div class=\"elementor-widget-wrap elementor-element-populated\">\n\t\t\t\t\t\t<div class=\"elementor-element elementor-element-641210f elementor-widget__width-initial elementor-widget elementor-widget-image\" data-id=\"641210f\" data-element_type=\"widget\" data-e-type=\"widget\" data-widget_type=\"image.default\">\n\t\t\t\t<div class=\"elementor-widget-container\">\n\t\t\t\t\t\t\t\t\t\t\t\t\t\t\t<img decoding=\"async\" width=\"640\" height=\"640\" src=\"https:\/\/unaymilletras.com\/wp-content\/uploads\/2023\/07\/duki-1024x1024.jpeg\" class=\"attachment-large size-large wp-image-984\" alt=\"Duki\" srcset=\"https:\/\/unaymilletras.com\/wp-content\/uploads\/2023\/07\/duki-1024x1024.jpeg 1024w, https:\/\/unaymilletras.com\/wp-content\/uploads\/2023\/07\/duki-e1688480243207-300x300.jpeg 300w, https:\/\/unaymilletras.com\/wp-content\/uploads\/2023\/07\/duki-e1688480243207-150x150.jpeg 150w, https:\/\/unaymilletras.com\/wp-content\/uploads\/2023\/07\/duki-768x768.jpeg 768w, https:\/\/unaymilletras.com\/wp-content\/uploads\/2023\/07\/duki-1536x1536.jpeg 1536w, https:\/\/unaymilletras.com\/wp-content\/uploads\/2023\/07\/duki-e1688480243207.jpeg 600w\" sizes=\"(max-width: 640px) 100vw, 640px\" \/>\t\t\t\t\t\t\t\t\t\t\t\t\t\t\t<\/div>\n\t\t\t\t<\/div>\n\t\t\t\t\t<\/div>\n\t\t<\/div>\n\t\t\t\t\t<\/div>\n\t\t<\/section>\n\t\t\t\t<section class=\"elementor-section elementor-top-section elementor-element elementor-element-5b4576f elementor-section-boxed elementor-section-height-default elementor-section-height-default\" data-id=\"5b4576f\" data-element_type=\"section\" data-e-type=\"section\">\n\t\t\t\t\t\t<div class=\"elementor-container elementor-column-gap-default\">\n\t\t\t\t\t<div class=\"elementor-column elementor-col-100 elementor-top-column elementor-element elementor-element-742cdb2\" data-id=\"742cdb2\" data-element_type=\"column\" data-e-type=\"column\">\n\t\t\t<div class=\"elementor-widget-wrap elementor-element-populated\">\n\t\t\t\t\t\t<div class=\"elementor-element elementor-element-b5c67d5 elementor-widget elementor-widget-text-editor\" data-id=\"b5c67d5\" data-element_type=\"widget\" data-e-type=\"widget\" data-widget_type=\"text-editor.default\">\n\t\t\t\t<div class=\"elementor-widget-container\">\n\t\t\t\t\t\t\t\t\t<p>La \u00faltima vez que Duki pis\u00f3 Espa\u00f1a con conciertos propios, consigui\u00f3 llenar dos fines de semana consecutivos dos de los recintos m\u00e1s importantes del pa\u00eds, como lo es el WiZink Center de Madrid y el Palau Sant Jordi de Barcelona. Esta vez se atreve con m\u00e1s y se convierte en el primer artista urbano en actuar en un estadio de f\u00fatbol en Espa\u00f1a.<\/p><p>Asimismo, hac\u00eda poco que acababa de hacer algo hist\u00f3rico en Argentina pues consigui\u00f3 hacer cuatro noches seguidas <i>sold out <\/i>en el Estadio V\u00e9lez. En mayo real<span style=\"color: #808080;\">iz\u00f3 su <a style=\"color: #808080;\" href=\"http:\/\/unaymilletras.com\/en\/duki-cuelga-el-cartel-de-entradas-agotadas-en-estados-unidos\/\">gira por Estados Unidos<\/a> con toda<\/span>s las entradas agotadas y hace menos de dos semanas estren\u00f3 su \u00faltimo \u00e1lbum. En <b><em><a href=\"https:\/\/open.spotify.com\/album\/2A7S80QXLWlzw41LwkRYRU?si=lAm4X1GERYij6PHUeAK9Pw\">Antes de Ameri<\/a><\/em> <\/b>ha colaborado con artistas de todo tipo, desde argentinos que le han acompa\u00f1ado desde el principio como espa\u00f1oles cuya carrera est\u00e1 en pleno auge.<\/p>\t\t\t\t\t\t\t\t<\/div>\n\t\t\t\t<\/div>\n\t\t\t\t\t<\/div>\n\t\t<\/div>\n\t\t\t\t\t<\/div>\n\t\t<\/section>\n\t\t\t\t<\/div>","protected":false},"excerpt":{"rendered":"<p>El pr\u00f3ximo 8 de junio Duki ofrecer\u00e1 un concierto en el nuevo Estadio Santiago Bernab\u00e9u, en la capital espa\u00f1ola Ante m\u00e1s de 3,5 millones de personas anunciaba Duki que su pr\u00f3ximo concierto en Espa\u00f1a tendr\u00eda lugar el 8 de junio de 2024 en el Estadio Santiago Bernab\u00e9u. Fue durante su actuaci\u00f3n en La Velada del [&hellip;]<\/p>\n","protected":false},"author":1,"featured_media":983,"comment_status":"open","ping_status":"open","sticky":false,"template":"","format":"standard","meta":{"footnotes":""},"categories":[4],"tags":[],"class_list":["post-969","post","type-post","status-publish","format-standard","has-post-thumbnail","hentry","category-musica"],"yoast_head":"<!-- This site is optimized with the Yoast SEO plugin v27.4 - https:\/\/yoast.com\/product\/yoast-seo-wordpress\/ -->\n<title>Duki, dispuesto a conquistar el Estadio Santiago Bernab\u00e9u &#8902; Una y Mil Letras<\/title>\n<meta name=\"description\" content=\"El pr\u00f3ximo 8 de junio Duki ofrecer\u00e1 un concierto en el nuevo Estadio Santiago Bernab\u00e9u, en la capital espa\u00f1ola\" \/>\n<meta name=\"robots\" content=\"index, follow, max-snippet:-1, max-image-preview:large, max-video-preview:-1\" \/>\n<link rel=\"canonical\" href=\"https:\/\/unaymilletras.com\/en\/duki-dispuesto-a-conquistar-el-estudio-santiago-bernabeu\/\" \/>\n<meta property=\"og:locale\" content=\"en_GB\" \/>\n<meta property=\"og:type\" content=\"article\" \/>\n<meta property=\"og:title\" content=\"Duki, dispuesto a conquistar el Estadio Santiago Bernab\u00e9u &#8902; Una y Mil Letras\" \/>\n<meta property=\"og:description\" content=\"El pr\u00f3ximo 8 de junio Duki ofrecer\u00e1 un concierto en el nuevo Estadio Santiago Bernab\u00e9u, en la capital espa\u00f1ola\" \/>\n<meta property=\"og:url\" content=\"https:\/\/unaymilletras.com\/en\/duki-dispuesto-a-conquistar-el-estudio-santiago-bernabeu\/\" \/>\n<meta property=\"og:site_name\" content=\"Una y Mil Letras\" \/>\n<meta property=\"article:published_time\" content=\"2023-07-04T14:05:26+00:00\" \/>\n<meta property=\"article:modified_time\" content=\"2023-07-30T10:13:11+00:00\" \/>\n<meta property=\"og:image\" content=\"https:\/\/unaymilletras.com\/wp-content\/uploads\/2023\/07\/Duki-Bernabeu-Feed4-scaled-e1688480197554.jpg\" \/>\n\t<meta property=\"og:image:width\" content=\"600\" \/>\n\t<meta property=\"og:image:height\" content=\"600\" \/>\n\t<meta property=\"og:image:type\" content=\"image\/jpeg\" \/>\n<meta name=\"author\" content=\"Maria Gil Robledo\" \/>\n<meta name=\"twitter:card\" content=\"summary_large_image\" \/>\n<meta name=\"twitter:creator\" content=\"@UnaYMilLetras\" \/>\n<meta name=\"twitter:site\" content=\"@UnaYMilLetras\" \/>\n<meta name=\"twitter:label1\" content=\"Written by\" \/>\n\t<meta name=\"twitter:data1\" content=\"Maria Gil Robledo\" \/>\n\t<meta name=\"twitter:label2\" content=\"Estimated reading time\" \/>\n\t<meta name=\"twitter:data2\" content=\"3 minutes\" \/>\n<script type=\"application\/ld+json\" class=\"yoast-schema-graph\">{\"@context\":\"https:\\\/\\\/schema.org\",\"@graph\":[{\"@type\":\"Article\",\"@id\":\"https:\\\/\\\/unaymilletras.com\\\/duki-dispuesto-a-conquistar-el-estudio-santiago-bernabeu\\\/#article\",\"isPartOf\":{\"@id\":\"https:\\\/\\\/unaymilletras.com\\\/duki-dispuesto-a-conquistar-el-estudio-santiago-bernabeu\\\/\"},\"author\":{\"name\":\"Maria Gil Robledo\",\"@id\":\"http:\\\/\\\/unaymilletras.com\\\/#\\\/schema\\\/person\\\/d55ba681b8a4e463d8982dbe36a5dc94\"},\"headline\":\"Duki, dispuesto a conquistar el Estadio Santiago Bernab\u00e9u\",\"datePublished\":\"2023-07-04T14:05:26+00:00\",\"dateModified\":\"2023-07-30T10:13:11+00:00\",\"mainEntityOfPage\":{\"@id\":\"https:\\\/\\\/unaymilletras.com\\\/duki-dispuesto-a-conquistar-el-estudio-santiago-bernabeu\\\/\"},\"wordCount\":408,\"commentCount\":0,\"publisher\":{\"@id\":\"http:\\\/\\\/unaymilletras.com\\\/#organization\"},\"image\":{\"@id\":\"https:\\\/\\\/unaymilletras.com\\\/duki-dispuesto-a-conquistar-el-estudio-santiago-bernabeu\\\/#primaryimage\"},\"thumbnailUrl\":\"https:\\\/\\\/unaymilletras.com\\\/wp-content\\\/uploads\\\/2023\\\/07\\\/Duki-Bernabeu-Feed4-scaled-e1688480197554.jpg\",\"articleSection\":[\"M\u00fasica\"],\"inLanguage\":\"en-GB\",\"potentialAction\":[{\"@type\":\"CommentAction\",\"name\":\"Comment\",\"target\":[\"https:\\\/\\\/unaymilletras.com\\\/duki-dispuesto-a-conquistar-el-estudio-santiago-bernabeu\\\/#respond\"]}]},{\"@type\":\"WebPage\",\"@id\":\"https:\\\/\\\/unaymilletras.com\\\/duki-dispuesto-a-conquistar-el-estudio-santiago-bernabeu\\\/\",\"url\":\"https:\\\/\\\/unaymilletras.com\\\/duki-dispuesto-a-conquistar-el-estudio-santiago-bernabeu\\\/\",\"name\":\"Duki, dispuesto a conquistar el Estadio Santiago Bernab\u00e9u &#8902; Una y Mil Letras\",\"isPartOf\":{\"@id\":\"http:\\\/\\\/unaymilletras.com\\\/#website\"},\"primaryImageOfPage\":{\"@id\":\"https:\\\/\\\/unaymilletras.com\\\/duki-dispuesto-a-conquistar-el-estudio-santiago-bernabeu\\\/#primaryimage\"},\"image\":{\"@id\":\"https:\\\/\\\/unaymilletras.com\\\/duki-dispuesto-a-conquistar-el-estudio-santiago-bernabeu\\\/#primaryimage\"},\"thumbnailUrl\":\"https:\\\/\\\/unaymilletras.com\\\/wp-content\\\/uploads\\\/2023\\\/07\\\/Duki-Bernabeu-Feed4-scaled-e1688480197554.jpg\",\"datePublished\":\"2023-07-04T14:05:26+00:00\",\"dateModified\":\"2023-07-30T10:13:11+00:00\",\"description\":\"El pr\u00f3ximo 8 de junio Duki ofrecer\u00e1 un concierto en el nuevo Estadio Santiago Bernab\u00e9u, en la capital espa\u00f1ola\",\"breadcrumb\":{\"@id\":\"https:\\\/\\\/unaymilletras.com\\\/duki-dispuesto-a-conquistar-el-estudio-santiago-bernabeu\\\/#breadcrumb\"},\"inLanguage\":\"en-GB\",\"potentialAction\":[{\"@type\":\"ReadAction\",\"target\":[\"https:\\\/\\\/unaymilletras.com\\\/duki-dispuesto-a-conquistar-el-estudio-santiago-bernabeu\\\/\"]}]},{\"@type\":\"ImageObject\",\"inLanguage\":\"en-GB\",\"@id\":\"https:\\\/\\\/unaymilletras.com\\\/duki-dispuesto-a-conquistar-el-estudio-santiago-bernabeu\\\/#primaryimage\",\"url\":\"https:\\\/\\\/unaymilletras.com\\\/wp-content\\\/uploads\\\/2023\\\/07\\\/Duki-Bernabeu-Feed4-scaled-e1688480197554.jpg\",\"contentUrl\":\"https:\\\/\\\/unaymilletras.com\\\/wp-content\\\/uploads\\\/2023\\\/07\\\/Duki-Bernabeu-Feed4-scaled-e1688480197554.jpg\",\"width\":600,\"height\":600,\"caption\":\"Duki\"},{\"@type\":\"BreadcrumbList\",\"@id\":\"https:\\\/\\\/unaymilletras.com\\\/duki-dispuesto-a-conquistar-el-estudio-santiago-bernabeu\\\/#breadcrumb\",\"itemListElement\":[{\"@type\":\"ListItem\",\"position\":1,\"name\":\"Home\",\"item\":\"http:\\\/\\\/unaymilletras.com\\\/\"},{\"@type\":\"ListItem\",\"position\":2,\"name\":\"Duki, dispuesto a conquistar el Estadio Santiago Bernab\u00e9u\"}]},{\"@type\":\"WebSite\",\"@id\":\"http:\\\/\\\/unaymilletras.com\\\/#website\",\"url\":\"http:\\\/\\\/unaymilletras.com\\\/\",\"name\":\"Una y Mil Letras\",\"description\":\"\",\"publisher\":{\"@id\":\"http:\\\/\\\/unaymilletras.com\\\/#organization\"},\"potentialAction\":[{\"@type\":\"SearchAction\",\"target\":{\"@type\":\"EntryPoint\",\"urlTemplate\":\"http:\\\/\\\/unaymilletras.com\\\/?s={search_term_string}\"},\"query-input\":{\"@type\":\"PropertyValueSpecification\",\"valueRequired\":true,\"valueName\":\"search_term_string\"}}],\"inLanguage\":\"en-GB\"},{\"@type\":\"Organization\",\"@id\":\"http:\\\/\\\/unaymilletras.com\\\/#organization\",\"name\":\"Una y Mil Letras\",\"url\":\"http:\\\/\\\/unaymilletras.com\\\/\",\"logo\":{\"@type\":\"ImageObject\",\"inLanguage\":\"en-GB\",\"@id\":\"http:\\\/\\\/unaymilletras.com\\\/#\\\/schema\\\/logo\\\/image\\\/\",\"url\":\"https:\\\/\\\/unaymilletras.com\\\/wp-content\\\/uploads\\\/2024\\\/06\\\/cropped-Logo-removebg-preview.png\",\"contentUrl\":\"https:\\\/\\\/unaymilletras.com\\\/wp-content\\\/uploads\\\/2024\\\/06\\\/cropped-Logo-removebg-preview.png\",\"width\":512,\"height\":512,\"caption\":\"Una y Mil Letras\"},\"image\":{\"@id\":\"http:\\\/\\\/unaymilletras.com\\\/#\\\/schema\\\/logo\\\/image\\\/\"},\"sameAs\":[\"https:\\\/\\\/x.com\\\/UnaYMilLetras\",\"https:\\\/\\\/instagram.com\\\/UnaYMilLetras\"]},{\"@type\":\"Person\",\"@id\":\"http:\\\/\\\/unaymilletras.com\\\/#\\\/schema\\\/person\\\/d55ba681b8a4e463d8982dbe36a5dc94\",\"name\":\"Maria Gil Robledo\",\"image\":{\"@type\":\"ImageObject\",\"inLanguage\":\"en-GB\",\"@id\":\"https:\\\/\\\/secure.gravatar.com\\\/avatar\\\/4b8e5102e0015789407eb4870b12f0f2857952d83ca124058f92b764bd1840c3?s=96&d=mm&r=g\",\"url\":\"https:\\\/\\\/secure.gravatar.com\\\/avatar\\\/4b8e5102e0015789407eb4870b12f0f2857952d83ca124058f92b764bd1840c3?s=96&d=mm&r=g\",\"contentUrl\":\"https:\\\/\\\/secure.gravatar.com\\\/avatar\\\/4b8e5102e0015789407eb4870b12f0f2857952d83ca124058f92b764bd1840c3?s=96&d=mm&r=g\",\"caption\":\"Maria Gil Robledo\"},\"sameAs\":[\"http:\\\/\\\/unaymilletras.com\"],\"url\":\"https:\\\/\\\/unaymilletras.com\\\/en\\\/author\\\/mariiagiil02_\\\/\"}]}<\/script>\n<!-- \/ Yoast SEO plugin. -->","yoast_head_json":{"title":"Duki, dispuesto a conquistar el Estadio Santiago Bernab\u00e9u &#8902; Una y Mil Letras","description":"El pr\u00f3ximo 8 de junio Duki ofrecer\u00e1 un concierto en el nuevo Estadio Santiago Bernab\u00e9u, en la capital espa\u00f1ola","robots":{"index":"index","follow":"follow","max-snippet":"max-snippet:-1","max-image-preview":"max-image-preview:large","max-video-preview":"max-video-preview:-1"},"canonical":"https:\/\/unaymilletras.com\/en\/duki-dispuesto-a-conquistar-el-estudio-santiago-bernabeu\/","og_locale":"en_GB","og_type":"article","og_title":"Duki, dispuesto a conquistar el Estadio Santiago Bernab\u00e9u &#8902; Una y Mil Letras","og_description":"El pr\u00f3ximo 8 de junio Duki ofrecer\u00e1 un concierto en el nuevo Estadio Santiago Bernab\u00e9u, en la capital espa\u00f1ola","og_url":"https:\/\/unaymilletras.com\/en\/duki-dispuesto-a-conquistar-el-estudio-santiago-bernabeu\/","og_site_name":"Una y Mil Letras","article_published_time":"2023-07-04T14:05:26+00:00","article_modified_time":"2023-07-30T10:13:11+00:00","og_image":[{"width":600,"height":600,"url":"https:\/\/unaymilletras.com\/wp-content\/uploads\/2023\/07\/Duki-Bernabeu-Feed4-scaled-e1688480197554.jpg","type":"image\/jpeg"}],"author":"Maria Gil Robledo","twitter_card":"summary_large_image","twitter_creator":"@UnaYMilLetras","twitter_site":"@UnaYMilLetras","twitter_misc":{"Written by":"Maria Gil Robledo","Estimated reading time":"3 minutes"},"schema":{"@context":"https:\/\/schema.org","@graph":[{"@type":"Article","@id":"https:\/\/unaymilletras.com\/duki-dispuesto-a-conquistar-el-estudio-santiago-bernabeu\/#article","isPartOf":{"@id":"https:\/\/unaymilletras.com\/duki-dispuesto-a-conquistar-el-estudio-santiago-bernabeu\/"},"author":{"name":"Maria Gil Robledo","@id":"http:\/\/unaymilletras.com\/#\/schema\/person\/d55ba681b8a4e463d8982dbe36a5dc94"},"headline":"Duki, dispuesto a conquistar el Estadio Santiago Bernab\u00e9u","datePublished":"2023-07-04T14:05:26+00:00","dateModified":"2023-07-30T10:13:11+00:00","mainEntityOfPage":{"@id":"https:\/\/unaymilletras.com\/duki-dispuesto-a-conquistar-el-estudio-santiago-bernabeu\/"},"wordCount":408,"commentCount":0,"publisher":{"@id":"http:\/\/unaymilletras.com\/#organization"},"image":{"@id":"https:\/\/unaymilletras.com\/duki-dispuesto-a-conquistar-el-estudio-santiago-bernabeu\/#primaryimage"},"thumbnailUrl":"https:\/\/unaymilletras.com\/wp-content\/uploads\/2023\/07\/Duki-Bernabeu-Feed4-scaled-e1688480197554.jpg","articleSection":["M\u00fasica"],"inLanguage":"en-GB","potentialAction":[{"@type":"CommentAction","name":"Comment","target":["https:\/\/unaymilletras.com\/duki-dispuesto-a-conquistar-el-estudio-santiago-bernabeu\/#respond"]}]},{"@type":"WebPage","@id":"https:\/\/unaymilletras.com\/duki-dispuesto-a-conquistar-el-estudio-santiago-bernabeu\/","url":"https:\/\/unaymilletras.com\/duki-dispuesto-a-conquistar-el-estudio-santiago-bernabeu\/","name":"Duki, dispuesto a conquistar el Estadio Santiago Bernab\u00e9u &#8902; Una y Mil Letras","isPartOf":{"@id":"http:\/\/unaymilletras.com\/#website"},"primaryImageOfPage":{"@id":"https:\/\/unaymilletras.com\/duki-dispuesto-a-conquistar-el-estudio-santiago-bernabeu\/#primaryimage"},"image":{"@id":"https:\/\/unaymilletras.com\/duki-dispuesto-a-conquistar-el-estudio-santiago-bernabeu\/#primaryimage"},"thumbnailUrl":"https:\/\/unaymilletras.com\/wp-content\/uploads\/2023\/07\/Duki-Bernabeu-Feed4-scaled-e1688480197554.jpg","datePublished":"2023-07-04T14:05:26+00:00","dateModified":"2023-07-30T10:13:11+00:00","description":"El pr\u00f3ximo 8 de junio Duki ofrecer\u00e1 un concierto en el nuevo Estadio Santiago Bernab\u00e9u, en la capital espa\u00f1ola","breadcrumb":{"@id":"https:\/\/unaymilletras.com\/duki-dispuesto-a-conquistar-el-estudio-santiago-bernabeu\/#breadcrumb"},"inLanguage":"en-GB","potentialAction":[{"@type":"ReadAction","target":["https:\/\/unaymilletras.com\/duki-dispuesto-a-conquistar-el-estudio-santiago-bernabeu\/"]}]},{"@type":"ImageObject","inLanguage":"en-GB","@id":"https:\/\/unaymilletras.com\/duki-dispuesto-a-conquistar-el-estudio-santiago-bernabeu\/#primaryimage","url":"https:\/\/unaymilletras.com\/wp-content\/uploads\/2023\/07\/Duki-Bernabeu-Feed4-scaled-e1688480197554.jpg","contentUrl":"https:\/\/unaymilletras.com\/wp-content\/uploads\/2023\/07\/Duki-Bernabeu-Feed4-scaled-e1688480197554.jpg","width":600,"height":600,"caption":"Duki"},{"@type":"BreadcrumbList","@id":"https:\/\/unaymilletras.com\/duki-dispuesto-a-conquistar-el-estudio-santiago-bernabeu\/#breadcrumb","itemListElement":[{"@type":"ListItem","position":1,"name":"Home","item":"http:\/\/unaymilletras.com\/"},{"@type":"ListItem","position":2,"name":"Duki, dispuesto a conquistar el Estadio Santiago Bernab\u00e9u"}]},{"@type":"WebSite","@id":"http:\/\/unaymilletras.com\/#website","url":"http:\/\/unaymilletras.com\/","name":"Una y Mil Letras","description":"","publisher":{"@id":"http:\/\/unaymilletras.com\/#organization"},"potentialAction":[{"@type":"SearchAction","target":{"@type":"EntryPoint","urlTemplate":"http:\/\/unaymilletras.com\/?s={search_term_string}"},"query-input":{"@type":"PropertyValueSpecification","valueRequired":true,"valueName":"search_term_string"}}],"inLanguage":"en-GB"},{"@type":"Organization","@id":"http:\/\/unaymilletras.com\/#organization","name":"Una y Mil Letras","url":"http:\/\/unaymilletras.com\/","logo":{"@type":"ImageObject","inLanguage":"en-GB","@id":"http:\/\/unaymilletras.com\/#\/schema\/logo\/image\/","url":"https:\/\/unaymilletras.com\/wp-content\/uploads\/2024\/06\/cropped-Logo-removebg-preview.png","contentUrl":"https:\/\/unaymilletras.com\/wp-content\/uploads\/2024\/06\/cropped-Logo-removebg-preview.png","width":512,"height":512,"caption":"Una y Mil Letras"},"image":{"@id":"http:\/\/unaymilletras.com\/#\/schema\/logo\/image\/"},"sameAs":["https:\/\/x.com\/UnaYMilLetras","https:\/\/instagram.com\/UnaYMilLetras"]},{"@type":"Person","@id":"http:\/\/unaymilletras.com\/#\/schema\/person\/d55ba681b8a4e463d8982dbe36a5dc94","name":"Maria Gil Robledo","image":{"@type":"ImageObject","inLanguage":"en-GB","@id":"https:\/\/secure.gravatar.com\/avatar\/4b8e5102e0015789407eb4870b12f0f2857952d83ca124058f92b764bd1840c3?s=96&d=mm&r=g","url":"https:\/\/secure.gravatar.com\/avatar\/4b8e5102e0015789407eb4870b12f0f2857952d83ca124058f92b764bd1840c3?s=96&d=mm&r=g","contentUrl":"https:\/\/secure.gravatar.com\/avatar\/4b8e5102e0015789407eb4870b12f0f2857952d83ca124058f92b764bd1840c3?s=96&d=mm&r=g","caption":"Maria Gil Robledo"},"sameAs":["http:\/\/unaymilletras.com"],"url":"https:\/\/unaymilletras.com\/en\/author\/mariiagiil02_\/"}]}},"_links":{"self":[{"href":"https:\/\/unaymilletras.com\/en\/wp-json\/wp\/v2\/posts\/969","targetHints":{"allow":["GET"]}}],"collection":[{"href":"https:\/\/unaymilletras.com\/en\/wp-json\/wp\/v2\/posts"}],"about":[{"href":"https:\/\/unaymilletras.com\/en\/wp-json\/wp\/v2\/types\/post"}],"author":[{"embeddable":true,"href":"https:\/\/unaymilletras.com\/en\/wp-json\/wp\/v2\/users\/1"}],"replies":[{"embeddable":true,"href":"https:\/\/unaymilletras.com\/en\/wp-json\/wp\/v2\/comments?post=969"}],"version-history":[{"count":16,"href":"https:\/\/unaymilletras.com\/en\/wp-json\/wp\/v2\/posts\/969\/revisions"}],"predecessor-version":[{"id":1020,"href":"https:\/\/unaymilletras.com\/en\/wp-json\/wp\/v2\/posts\/969\/revisions\/1020"}],"wp:featuredmedia":[{"embeddable":true,"href":"https:\/\/unaymilletras.com\/en\/wp-json\/wp\/v2\/media\/983"}],"wp:attachment":[{"href":"https:\/\/unaymilletras.com\/en\/wp-json\/wp\/v2\/media?parent=969"}],"wp:term":[{"taxonomy":"category","embeddable":true,"href":"https:\/\/unaymilletras.com\/en\/wp-json\/wp\/v2\/categories?post=969"},{"taxonomy":"post_tag","embeddable":true,"href":"https:\/\/unaymilletras.com\/en\/wp-json\/wp\/v2\/tags?post=969"}],"curies":[{"name":"wp","href":"https:\/\/api.w.org\/{rel}","templated":true}]}}