{"id":989,"date":"2023-07-08T12:47:56","date_gmt":"2023-07-08T10:47:56","guid":{"rendered":"http:\/\/unaymilletras.com\/?p=989"},"modified":"2023-07-08T12:48:54","modified_gmt":"2023-07-08T10:48:54","slug":"mau-y-ricky-ft-jay-wheeler-un-junte-que-no-es-normal","status":"publish","type":"post","link":"https:\/\/unaymilletras.com\/en\/mau-y-ricky-ft-jay-wheeler-un-junte-que-no-es-normal\/","title":{"rendered":"Mau y Ricky ft Jay Wheeler, un junte que \u201cNo es normal\u201d"},"content":{"rendered":"<div data-elementor-type=\"wp-post\" data-elementor-id=\"989\" class=\"elementor elementor-989\">\n\t\t\t\t\t\t<section class=\"elementor-section elementor-top-section elementor-element elementor-element-5b9653e elementor-section-boxed elementor-section-height-default elementor-section-height-default\" data-id=\"5b9653e\" data-element_type=\"section\" data-e-type=\"section\">\n\t\t\t\t\t\t<div class=\"elementor-container elementor-column-gap-default\">\n\t\t\t\t\t<div class=\"elementor-column elementor-col-100 elementor-top-column elementor-element elementor-element-b0788de\" data-id=\"b0788de\" data-element_type=\"column\" data-e-type=\"column\">\n\t\t\t<div class=\"elementor-widget-wrap elementor-element-populated\">\n\t\t\t\t\t\t<div class=\"elementor-element elementor-element-43a54d3 elementor-widget elementor-widget-text-editor\" data-id=\"43a54d3\" data-element_type=\"widget\" data-e-type=\"widget\" data-widget_type=\"text-editor.default\">\n\t\t\t\t<div class=\"elementor-widget-container\">\n\t\t\t\t\t\t\t\t\t<h2><span style=\"color: #808080;\"><em>D\u00edas antes de lanzar su nuevo disco, los hermanos Montaner estrenan su primera colaboraci\u00f3n con Jay Wheeler<\/em><\/span><\/h2>\t\t\t\t\t\t\t\t<\/div>\n\t\t\t\t<\/div>\n\t\t\t\t\t<\/div>\n\t\t<\/div>\n\t\t\t\t\t<\/div>\n\t\t<\/section>\n\t\t\t\t<section class=\"elementor-section elementor-top-section elementor-element elementor-element-544ec5f elementor-section-boxed elementor-section-height-default elementor-section-height-default\" data-id=\"544ec5f\" data-element_type=\"section\" data-e-type=\"section\">\n\t\t\t\t\t\t<div class=\"elementor-container elementor-column-gap-default\">\n\t\t\t\t\t<div class=\"elementor-column elementor-col-100 elementor-top-column elementor-element elementor-element-183a98d\" data-id=\"183a98d\" data-element_type=\"column\" data-e-type=\"column\">\n\t\t\t<div class=\"elementor-widget-wrap elementor-element-populated\">\n\t\t\t\t\t\t<div class=\"elementor-element elementor-element-f2bbce6 elementor-widget elementor-widget-text-editor\" data-id=\"f2bbce6\" data-element_type=\"widget\" data-e-type=\"widget\" data-widget_type=\"text-editor.default\">\n\t\t\t\t<div class=\"elementor-widget-container\">\n\t\t\t\t\t\t\t\t\t<p><em><b><a href=\"https:\/\/open.spotify.com\/track\/7hd7BiCHRG9ItaUolMFLgr?si=594886946e0e4914\">No es normal<\/a><\/b><\/em> une a <b>Mau y Ricky<\/b> con <b>Jay Wheeler<\/b>, los hermanos Montaner junto a la voz favorita. Los tres artistas se han juntado en una canci\u00f3n que transmite esa sensaci\u00f3n de querer estar con una persona, pero no en una relaci\u00f3n tradicional. El d\u00fao cuenta que conoci\u00f3 al puertorrique\u00f1o gracias a J Balvin, quien les present\u00f3.<\/p>\t\t\t\t\t\t\t\t<\/div>\n\t\t\t\t<\/div>\n\t\t\t\t\t<\/div>\n\t\t<\/div>\n\t\t\t\t\t<\/div>\n\t\t<\/section>\n\t\t\t\t<section class=\"elementor-section elementor-top-section elementor-element elementor-element-95cfa1b elementor-section-boxed elementor-section-height-default elementor-section-height-default\" data-id=\"95cfa1b\" data-element_type=\"section\" data-e-type=\"section\">\n\t\t\t\t\t\t<div class=\"elementor-container elementor-column-gap-default\">\n\t\t\t\t\t<div class=\"elementor-column elementor-col-50 elementor-top-column elementor-element elementor-element-b027221\" data-id=\"b027221\" data-element_type=\"column\" data-e-type=\"column\">\n\t\t\t<div class=\"elementor-widget-wrap elementor-element-populated\">\n\t\t\t\t\t\t<div class=\"elementor-element elementor-element-3daad8b elementor-widget elementor-widget-image\" data-id=\"3daad8b\" data-element_type=\"widget\" data-e-type=\"widget\" data-widget_type=\"image.default\">\n\t\t\t\t<div class=\"elementor-widget-container\">\n\t\t\t\t\t\t\t\t\t\t\t\t\t\t\t<img fetchpriority=\"high\" decoding=\"async\" width=\"540\" height=\"534\" src=\"https:\/\/unaymilletras.com\/wp-content\/uploads\/2023\/07\/may-ricky-jay.png\" class=\"attachment-large size-large wp-image-991\" alt=\"mau y ricky jay\" srcset=\"https:\/\/unaymilletras.com\/wp-content\/uploads\/2023\/07\/may-ricky-jay.png 540w, https:\/\/unaymilletras.com\/wp-content\/uploads\/2023\/07\/may-ricky-jay-300x297.png 300w\" sizes=\"(max-width: 540px) 100vw, 540px\" \/>\t\t\t\t\t\t\t\t\t\t\t\t\t\t\t<\/div>\n\t\t\t\t<\/div>\n\t\t\t\t\t<\/div>\n\t\t<\/div>\n\t\t\t\t<div class=\"elementor-column elementor-col-50 elementor-top-column elementor-element elementor-element-d10ffdf\" data-id=\"d10ffdf\" data-element_type=\"column\" data-e-type=\"column\">\n\t\t\t<div class=\"elementor-widget-wrap elementor-element-populated\">\n\t\t\t\t\t\t<div class=\"elementor-element elementor-element-7116c94 elementor-widget elementor-widget-text-editor\" data-id=\"7116c94\" data-element_type=\"widget\" data-e-type=\"widget\" data-widget_type=\"text-editor.default\">\n\t\t\t\t<div class=\"elementor-widget-container\">\n\t\t\t\t\t\t\t\t\t<h3><span style=\"color: #9db6cf;\"><em>\u00abEl trabajo de Jay nos gusta porque tiene su identidad clara, sabe lo que canta. Es un tipo que canta con un sentimiento contagioso\u00bb<\/em>, Mau y Ricky<\/span><\/h3>\t\t\t\t\t\t\t\t<\/div>\n\t\t\t\t<\/div>\n\t\t\t\t\t<\/div>\n\t\t<\/div>\n\t\t\t\t\t<\/div>\n\t\t<\/section>\n\t\t\t\t<section class=\"elementor-section elementor-top-section elementor-element elementor-element-1c92a8b elementor-section-boxed elementor-section-height-default elementor-section-height-default\" data-id=\"1c92a8b\" data-element_type=\"section\" data-e-type=\"section\">\n\t\t\t\t\t\t<div class=\"elementor-container elementor-column-gap-default\">\n\t\t\t\t\t<div class=\"elementor-column elementor-col-100 elementor-top-column elementor-element elementor-element-7dd8dbb\" data-id=\"7dd8dbb\" data-element_type=\"column\" data-e-type=\"column\">\n\t\t\t<div class=\"elementor-widget-wrap elementor-element-populated\">\n\t\t\t\t\t\t<div class=\"elementor-element elementor-element-0904cd8 elementor-widget elementor-widget-text-editor\" data-id=\"0904cd8\" data-element_type=\"widget\" data-e-type=\"widget\" data-widget_type=\"text-editor.default\">\n\t\t\t\t<div class=\"elementor-widget-container\">\n\t\t\t\t\t\t\t\t\t<p>Los Montaner ya se han apoderado del 20 de julio pues ser\u00e1 el d\u00eda en el que estrenen <em><b>Desgenerados Mixtape<\/b><\/em>, su pr\u00f3ximo \u00e1lbum. En \u00e9l se podr\u00e1n encontrar trabajos como su anterior lanzamiento, <em><b>Manos Fr\u00edas<\/b><\/em>, canci\u00f3n que comparten con <b>Reik<\/b> y <b>Be\u00e9le<\/b>.<\/p>\n<p>Con m\u00e1s de 12,5 millones de oyentes mensuales en Spotify, lanzaron hace un a\u00f1o el reality <b><em>Los Montaner<\/em> <\/b>en <b>Disney +<\/b>, consiguiendo el puesto del segundo programa m\u00e1s visto desde su estreno. Asimismo, este a\u00f1o estar\u00e1n de <b>gira por Espa\u00f1a<\/b> donde dar\u00e1n un total de 6 shows.<\/p>\t\t\t\t\t\t\t\t<\/div>\n\t\t\t\t<\/div>\n\t\t\t\t\t<\/div>\n\t\t<\/div>\n\t\t\t\t\t<\/div>\n\t\t<\/section>\n\t\t\t\t<section class=\"elementor-section elementor-top-section elementor-element elementor-element-92b6983 elementor-section-boxed elementor-section-height-default elementor-section-height-default\" data-id=\"92b6983\" data-element_type=\"section\" data-e-type=\"section\">\n\t\t\t\t\t\t<div class=\"elementor-container elementor-column-gap-default\">\n\t\t\t\t\t<div class=\"elementor-column elementor-col-100 elementor-top-column elementor-element elementor-element-4babcad\" data-id=\"4babcad\" data-element_type=\"column\" data-e-type=\"column\">\n\t\t\t<div class=\"elementor-widget-wrap elementor-element-populated\">\n\t\t\t\t\t\t<div class=\"elementor-element elementor-element-9517318 elementor-widget elementor-widget-image\" data-id=\"9517318\" data-element_type=\"widget\" data-e-type=\"widget\" data-widget_type=\"image.default\">\n\t\t\t\t<div class=\"elementor-widget-container\">\n\t\t\t\t\t\t\t\t\t\t\t\t\t\t\t<img decoding=\"async\" width=\"640\" height=\"640\" src=\"https:\/\/unaymilletras.com\/wp-content\/uploads\/2023\/07\/gira-myr-1024x1024.jpeg\" class=\"attachment-large size-large wp-image-993\" alt=\"\" srcset=\"https:\/\/unaymilletras.com\/wp-content\/uploads\/2023\/07\/gira-myr-1024x1024.jpeg 1024w, https:\/\/unaymilletras.com\/wp-content\/uploads\/2023\/07\/gira-myr-e1688812746995-300x300.jpeg 300w, https:\/\/unaymilletras.com\/wp-content\/uploads\/2023\/07\/gira-myr-e1688812746995-150x150.jpeg 150w, https:\/\/unaymilletras.com\/wp-content\/uploads\/2023\/07\/gira-myr-768x768.jpeg 768w, https:\/\/unaymilletras.com\/wp-content\/uploads\/2023\/07\/gira-myr-e1688812746995.jpeg 600w\" sizes=\"(max-width: 640px) 100vw, 640px\" \/>\t\t\t\t\t\t\t\t\t\t\t\t\t\t\t<\/div>\n\t\t\t\t<\/div>\n\t\t\t\t\t<\/div>\n\t\t<\/div>\n\t\t\t\t\t<\/div>\n\t\t<\/section>\n\t\t\t\t<section class=\"elementor-section elementor-top-section elementor-element elementor-element-fd56059 elementor-section-boxed elementor-section-height-default elementor-section-height-default\" data-id=\"fd56059\" data-element_type=\"section\" data-e-type=\"section\">\n\t\t\t\t\t\t<div class=\"elementor-container elementor-column-gap-default\">\n\t\t\t\t\t<div class=\"elementor-column elementor-col-100 elementor-top-column elementor-element elementor-element-5b07076\" data-id=\"5b07076\" data-element_type=\"column\" data-e-type=\"column\">\n\t\t\t<div class=\"elementor-widget-wrap elementor-element-populated\">\n\t\t\t\t\t\t<div class=\"elementor-element elementor-element-412be1d elementor-widget elementor-widget-text-editor\" data-id=\"412be1d\" data-element_type=\"widget\" data-e-type=\"widget\" data-widget_type=\"text-editor.default\">\n\t\t\t\t<div class=\"elementor-widget-container\">\n\t\t\t\t\t\t\t\t\t<p>Por su parte, Jay Wheeler es uno de los artistas m\u00e1s vers\u00e1tiles del panorama actual. Con casi 17 millones de oyentes mensuales en Spotify, tiene \u00e9xitos como <em><b>La<\/b> <b>Curiosidad<\/b><\/em> o <em><b>Lugar<\/b> <b>Seguro<\/b><\/em>. El puertorrique\u00f1o tambi\u00e9n pasar\u00e1 por <b>Espa\u00f1a<\/b> con su <em>Emociones World Tour<\/em> el pr\u00f3ximo <b>8 de noviembre<\/b> en el <b>WiZink Center<\/b> de<span style=\"color: #808080;\"> <a style=\"color: #808080;\" href=\"http:\/\/unaymilletras.com\/en\/duki-dispuesto-a-conquistar-el-estudio-santiago-bernabeu\/\">Madrid<\/a>.<\/span><\/p>\t\t\t\t\t\t\t\t<\/div>\n\t\t\t\t<\/div>\n\t\t\t\t\t<\/div>\n\t\t<\/div>\n\t\t\t\t\t<\/div>\n\t\t<\/section>\n\t\t\t\t<section class=\"elementor-section elementor-top-section elementor-element elementor-element-aa06059 elementor-section-boxed elementor-section-height-default elementor-section-height-default\" data-id=\"aa06059\" data-element_type=\"section\" data-e-type=\"section\">\n\t\t\t\t\t\t<div class=\"elementor-container elementor-column-gap-default\">\n\t\t\t\t\t<div class=\"elementor-column elementor-col-100 elementor-top-column elementor-element elementor-element-cb908c3\" data-id=\"cb908c3\" data-element_type=\"column\" data-e-type=\"column\">\n\t\t\t<div class=\"elementor-widget-wrap elementor-element-populated\">\n\t\t\t\t\t\t<div class=\"elementor-element elementor-element-470247b elementor-widget elementor-widget-image\" data-id=\"470247b\" data-element_type=\"widget\" data-e-type=\"widget\" data-widget_type=\"image.default\">\n\t\t\t\t<div class=\"elementor-widget-container\">\n\t\t\t\t\t\t\t\t\t\t\t\t\t\t\t<img decoding=\"async\" width=\"640\" height=\"360\" src=\"https:\/\/unaymilletras.com\/wp-content\/uploads\/2023\/07\/jay-1024x576.jpeg\" class=\"attachment-large size-large wp-image-994\" alt=\"Jay Wheeler\" srcset=\"https:\/\/unaymilletras.com\/wp-content\/uploads\/2023\/07\/jay-1024x576.jpeg 1024w, https:\/\/unaymilletras.com\/wp-content\/uploads\/2023\/07\/jay-e1688812784783-300x169.jpeg 300w, https:\/\/unaymilletras.com\/wp-content\/uploads\/2023\/07\/jay-768x432.jpeg 768w, https:\/\/unaymilletras.com\/wp-content\/uploads\/2023\/07\/jay-1536x864.jpeg 1536w, https:\/\/unaymilletras.com\/wp-content\/uploads\/2023\/07\/jay-1280x720.jpeg 1280w, https:\/\/unaymilletras.com\/wp-content\/uploads\/2023\/07\/jay-e1688812784783.jpeg 600w\" sizes=\"(max-width: 640px) 100vw, 640px\" \/>\t\t\t\t\t\t\t\t\t\t\t\t\t\t\t<\/div>\n\t\t\t\t<\/div>\n\t\t\t\t\t<\/div>\n\t\t<\/div>\n\t\t\t\t\t<\/div>\n\t\t<\/section>\n\t\t\t\t<\/div>","protected":false},"excerpt":{"rendered":"<p>D\u00edas antes de lanzar su nuevo disco, los hermanos Montaner estrenan su primera colaboraci\u00f3n con Jay Wheeler No es normal une a Mau y Ricky con Jay Wheeler, los hermanos Montaner junto a la voz favorita. Los tres artistas se han juntado en una canci\u00f3n que transmite esa sensaci\u00f3n de querer estar con una persona, [&hellip;]<\/p>\n","protected":false},"author":1,"featured_media":991,"comment_status":"open","ping_status":"open","sticky":false,"template":"","format":"standard","meta":{"footnotes":""},"categories":[4],"tags":[],"class_list":["post-989","post","type-post","status-publish","format-standard","has-post-thumbnail","hentry","category-musica"],"yoast_head":"<!-- This site is optimized with the Yoast SEO plugin v27.4 - https:\/\/yoast.com\/product\/yoast-seo-wordpress\/ -->\n<title>Mau y Ricky ft Jay Wheeler, un junte que \u201cNo es normal\u201d &#8902; Una y Mil Letras<\/title>\n<meta name=\"description\" content=\"D\u00edas antes de lanzar su nuevo disco, Mau y Ricky estrenan su primera colaboraci\u00f3n con Jay Wheeler\" \/>\n<meta name=\"robots\" content=\"index, follow, max-snippet:-1, max-image-preview:large, max-video-preview:-1\" \/>\n<link rel=\"canonical\" href=\"https:\/\/unaymilletras.com\/en\/mau-y-ricky-ft-jay-wheeler-un-junte-que-no-es-normal\/\" \/>\n<meta property=\"og:locale\" content=\"en_GB\" \/>\n<meta property=\"og:type\" content=\"article\" \/>\n<meta property=\"og:title\" content=\"Mau y Ricky ft Jay Wheeler, un junte que \u201cNo es normal\u201d &#8902; Una y Mil Letras\" \/>\n<meta property=\"og:description\" content=\"D\u00edas antes de lanzar su nuevo disco, Mau y Ricky estrenan su primera colaboraci\u00f3n con Jay Wheeler\" \/>\n<meta property=\"og:url\" content=\"https:\/\/unaymilletras.com\/en\/mau-y-ricky-ft-jay-wheeler-un-junte-que-no-es-normal\/\" \/>\n<meta property=\"og:site_name\" content=\"Una y Mil Letras\" \/>\n<meta property=\"article:published_time\" content=\"2023-07-08T10:47:56+00:00\" \/>\n<meta property=\"article:modified_time\" content=\"2023-07-08T10:48:54+00:00\" \/>\n<meta property=\"og:image\" content=\"https:\/\/unaymilletras.com\/wp-content\/uploads\/2023\/07\/may-ricky-jay.png\" \/>\n\t<meta property=\"og:image:width\" content=\"540\" \/>\n\t<meta property=\"og:image:height\" content=\"534\" \/>\n\t<meta property=\"og:image:type\" content=\"image\/png\" \/>\n<meta name=\"author\" content=\"Maria Gil Robledo\" \/>\n<meta name=\"twitter:card\" content=\"summary_large_image\" \/>\n<meta name=\"twitter:creator\" content=\"@UnaYMilLetras\" \/>\n<meta name=\"twitter:site\" content=\"@UnaYMilLetras\" \/>\n<meta name=\"twitter:label1\" content=\"Written by\" \/>\n\t<meta name=\"twitter:data1\" content=\"Maria Gil Robledo\" \/>\n\t<meta name=\"twitter:label2\" content=\"Estimated reading time\" \/>\n\t<meta name=\"twitter:data2\" content=\"2 minutes\" \/>\n<script type=\"application\/ld+json\" class=\"yoast-schema-graph\">{\"@context\":\"https:\\\/\\\/schema.org\",\"@graph\":[{\"@type\":\"Article\",\"@id\":\"https:\\\/\\\/unaymilletras.com\\\/mau-y-ricky-ft-jay-wheeler-un-junte-que-no-es-normal\\\/#article\",\"isPartOf\":{\"@id\":\"https:\\\/\\\/unaymilletras.com\\\/mau-y-ricky-ft-jay-wheeler-un-junte-que-no-es-normal\\\/\"},\"author\":{\"name\":\"Maria Gil Robledo\",\"@id\":\"http:\\\/\\\/unaymilletras.com\\\/#\\\/schema\\\/person\\\/d55ba681b8a4e463d8982dbe36a5dc94\"},\"headline\":\"Mau y Ricky ft Jay Wheeler, un junte que \u201cNo es normal\u201d\",\"datePublished\":\"2023-07-08T10:47:56+00:00\",\"dateModified\":\"2023-07-08T10:48:54+00:00\",\"mainEntityOfPage\":{\"@id\":\"https:\\\/\\\/unaymilletras.com\\\/mau-y-ricky-ft-jay-wheeler-un-junte-que-no-es-normal\\\/\"},\"wordCount\":277,\"commentCount\":0,\"publisher\":{\"@id\":\"http:\\\/\\\/unaymilletras.com\\\/#organization\"},\"image\":{\"@id\":\"https:\\\/\\\/unaymilletras.com\\\/mau-y-ricky-ft-jay-wheeler-un-junte-que-no-es-normal\\\/#primaryimage\"},\"thumbnailUrl\":\"https:\\\/\\\/unaymilletras.com\\\/wp-content\\\/uploads\\\/2023\\\/07\\\/may-ricky-jay.png\",\"articleSection\":[\"M\u00fasica\"],\"inLanguage\":\"en-GB\",\"potentialAction\":[{\"@type\":\"CommentAction\",\"name\":\"Comment\",\"target\":[\"https:\\\/\\\/unaymilletras.com\\\/mau-y-ricky-ft-jay-wheeler-un-junte-que-no-es-normal\\\/#respond\"]}]},{\"@type\":\"WebPage\",\"@id\":\"https:\\\/\\\/unaymilletras.com\\\/mau-y-ricky-ft-jay-wheeler-un-junte-que-no-es-normal\\\/\",\"url\":\"https:\\\/\\\/unaymilletras.com\\\/mau-y-ricky-ft-jay-wheeler-un-junte-que-no-es-normal\\\/\",\"name\":\"Mau y Ricky ft Jay Wheeler, un junte que \u201cNo es normal\u201d &#8902; Una y Mil Letras\",\"isPartOf\":{\"@id\":\"http:\\\/\\\/unaymilletras.com\\\/#website\"},\"primaryImageOfPage\":{\"@id\":\"https:\\\/\\\/unaymilletras.com\\\/mau-y-ricky-ft-jay-wheeler-un-junte-que-no-es-normal\\\/#primaryimage\"},\"image\":{\"@id\":\"https:\\\/\\\/unaymilletras.com\\\/mau-y-ricky-ft-jay-wheeler-un-junte-que-no-es-normal\\\/#primaryimage\"},\"thumbnailUrl\":\"https:\\\/\\\/unaymilletras.com\\\/wp-content\\\/uploads\\\/2023\\\/07\\\/may-ricky-jay.png\",\"datePublished\":\"2023-07-08T10:47:56+00:00\",\"dateModified\":\"2023-07-08T10:48:54+00:00\",\"description\":\"D\u00edas antes de lanzar su nuevo disco, Mau y Ricky estrenan su primera colaboraci\u00f3n con Jay Wheeler\",\"breadcrumb\":{\"@id\":\"https:\\\/\\\/unaymilletras.com\\\/mau-y-ricky-ft-jay-wheeler-un-junte-que-no-es-normal\\\/#breadcrumb\"},\"inLanguage\":\"en-GB\",\"potentialAction\":[{\"@type\":\"ReadAction\",\"target\":[\"https:\\\/\\\/unaymilletras.com\\\/mau-y-ricky-ft-jay-wheeler-un-junte-que-no-es-normal\\\/\"]}]},{\"@type\":\"ImageObject\",\"inLanguage\":\"en-GB\",\"@id\":\"https:\\\/\\\/unaymilletras.com\\\/mau-y-ricky-ft-jay-wheeler-un-junte-que-no-es-normal\\\/#primaryimage\",\"url\":\"https:\\\/\\\/unaymilletras.com\\\/wp-content\\\/uploads\\\/2023\\\/07\\\/may-ricky-jay.png\",\"contentUrl\":\"https:\\\/\\\/unaymilletras.com\\\/wp-content\\\/uploads\\\/2023\\\/07\\\/may-ricky-jay.png\",\"width\":540,\"height\":534,\"caption\":\"mau y ricky jay\"},{\"@type\":\"BreadcrumbList\",\"@id\":\"https:\\\/\\\/unaymilletras.com\\\/mau-y-ricky-ft-jay-wheeler-un-junte-que-no-es-normal\\\/#breadcrumb\",\"itemListElement\":[{\"@type\":\"ListItem\",\"position\":1,\"name\":\"Home\",\"item\":\"http:\\\/\\\/unaymilletras.com\\\/\"},{\"@type\":\"ListItem\",\"position\":2,\"name\":\"Mau y Ricky ft Jay Wheeler, un junte que \u201cNo es normal\u201d\"}]},{\"@type\":\"WebSite\",\"@id\":\"http:\\\/\\\/unaymilletras.com\\\/#website\",\"url\":\"http:\\\/\\\/unaymilletras.com\\\/\",\"name\":\"Una y Mil Letras\",\"description\":\"\",\"publisher\":{\"@id\":\"http:\\\/\\\/unaymilletras.com\\\/#organization\"},\"potentialAction\":[{\"@type\":\"SearchAction\",\"target\":{\"@type\":\"EntryPoint\",\"urlTemplate\":\"http:\\\/\\\/unaymilletras.com\\\/?s={search_term_string}\"},\"query-input\":{\"@type\":\"PropertyValueSpecification\",\"valueRequired\":true,\"valueName\":\"search_term_string\"}}],\"inLanguage\":\"en-GB\"},{\"@type\":\"Organization\",\"@id\":\"http:\\\/\\\/unaymilletras.com\\\/#organization\",\"name\":\"Una y Mil Letras\",\"url\":\"http:\\\/\\\/unaymilletras.com\\\/\",\"logo\":{\"@type\":\"ImageObject\",\"inLanguage\":\"en-GB\",\"@id\":\"http:\\\/\\\/unaymilletras.com\\\/#\\\/schema\\\/logo\\\/image\\\/\",\"url\":\"https:\\\/\\\/unaymilletras.com\\\/wp-content\\\/uploads\\\/2024\\\/06\\\/cropped-Logo-removebg-preview.png\",\"contentUrl\":\"https:\\\/\\\/unaymilletras.com\\\/wp-content\\\/uploads\\\/2024\\\/06\\\/cropped-Logo-removebg-preview.png\",\"width\":512,\"height\":512,\"caption\":\"Una y Mil Letras\"},\"image\":{\"@id\":\"http:\\\/\\\/unaymilletras.com\\\/#\\\/schema\\\/logo\\\/image\\\/\"},\"sameAs\":[\"https:\\\/\\\/x.com\\\/UnaYMilLetras\",\"https:\\\/\\\/instagram.com\\\/UnaYMilLetras\"]},{\"@type\":\"Person\",\"@id\":\"http:\\\/\\\/unaymilletras.com\\\/#\\\/schema\\\/person\\\/d55ba681b8a4e463d8982dbe36a5dc94\",\"name\":\"Maria Gil Robledo\",\"image\":{\"@type\":\"ImageObject\",\"inLanguage\":\"en-GB\",\"@id\":\"https:\\\/\\\/secure.gravatar.com\\\/avatar\\\/4b8e5102e0015789407eb4870b12f0f2857952d83ca124058f92b764bd1840c3?s=96&d=mm&r=g\",\"url\":\"https:\\\/\\\/secure.gravatar.com\\\/avatar\\\/4b8e5102e0015789407eb4870b12f0f2857952d83ca124058f92b764bd1840c3?s=96&d=mm&r=g\",\"contentUrl\":\"https:\\\/\\\/secure.gravatar.com\\\/avatar\\\/4b8e5102e0015789407eb4870b12f0f2857952d83ca124058f92b764bd1840c3?s=96&d=mm&r=g\",\"caption\":\"Maria Gil Robledo\"},\"sameAs\":[\"http:\\\/\\\/unaymilletras.com\"],\"url\":\"https:\\\/\\\/unaymilletras.com\\\/en\\\/author\\\/mariiagiil02_\\\/\"}]}<\/script>\n<!-- \/ Yoast SEO plugin. -->","yoast_head_json":{"title":"Mau y Ricky ft Jay Wheeler, un junte que \u201cNo es normal\u201d &#8902; Una y Mil Letras","description":"D\u00edas antes de lanzar su nuevo disco, Mau y Ricky estrenan su primera colaboraci\u00f3n con Jay Wheeler","robots":{"index":"index","follow":"follow","max-snippet":"max-snippet:-1","max-image-preview":"max-image-preview:large","max-video-preview":"max-video-preview:-1"},"canonical":"https:\/\/unaymilletras.com\/en\/mau-y-ricky-ft-jay-wheeler-un-junte-que-no-es-normal\/","og_locale":"en_GB","og_type":"article","og_title":"Mau y Ricky ft Jay Wheeler, un junte que \u201cNo es normal\u201d &#8902; Una y Mil Letras","og_description":"D\u00edas antes de lanzar su nuevo disco, Mau y Ricky estrenan su primera colaboraci\u00f3n con Jay Wheeler","og_url":"https:\/\/unaymilletras.com\/en\/mau-y-ricky-ft-jay-wheeler-un-junte-que-no-es-normal\/","og_site_name":"Una y Mil Letras","article_published_time":"2023-07-08T10:47:56+00:00","article_modified_time":"2023-07-08T10:48:54+00:00","og_image":[{"width":540,"height":534,"url":"https:\/\/unaymilletras.com\/wp-content\/uploads\/2023\/07\/may-ricky-jay.png","type":"image\/png"}],"author":"Maria Gil Robledo","twitter_card":"summary_large_image","twitter_creator":"@UnaYMilLetras","twitter_site":"@UnaYMilLetras","twitter_misc":{"Written by":"Maria Gil Robledo","Estimated reading time":"2 minutes"},"schema":{"@context":"https:\/\/schema.org","@graph":[{"@type":"Article","@id":"https:\/\/unaymilletras.com\/mau-y-ricky-ft-jay-wheeler-un-junte-que-no-es-normal\/#article","isPartOf":{"@id":"https:\/\/unaymilletras.com\/mau-y-ricky-ft-jay-wheeler-un-junte-que-no-es-normal\/"},"author":{"name":"Maria Gil Robledo","@id":"http:\/\/unaymilletras.com\/#\/schema\/person\/d55ba681b8a4e463d8982dbe36a5dc94"},"headline":"Mau y Ricky ft Jay Wheeler, un junte que \u201cNo es normal\u201d","datePublished":"2023-07-08T10:47:56+00:00","dateModified":"2023-07-08T10:48:54+00:00","mainEntityOfPage":{"@id":"https:\/\/unaymilletras.com\/mau-y-ricky-ft-jay-wheeler-un-junte-que-no-es-normal\/"},"wordCount":277,"commentCount":0,"publisher":{"@id":"http:\/\/unaymilletras.com\/#organization"},"image":{"@id":"https:\/\/unaymilletras.com\/mau-y-ricky-ft-jay-wheeler-un-junte-que-no-es-normal\/#primaryimage"},"thumbnailUrl":"https:\/\/unaymilletras.com\/wp-content\/uploads\/2023\/07\/may-ricky-jay.png","articleSection":["M\u00fasica"],"inLanguage":"en-GB","potentialAction":[{"@type":"CommentAction","name":"Comment","target":["https:\/\/unaymilletras.com\/mau-y-ricky-ft-jay-wheeler-un-junte-que-no-es-normal\/#respond"]}]},{"@type":"WebPage","@id":"https:\/\/unaymilletras.com\/mau-y-ricky-ft-jay-wheeler-un-junte-que-no-es-normal\/","url":"https:\/\/unaymilletras.com\/mau-y-ricky-ft-jay-wheeler-un-junte-que-no-es-normal\/","name":"Mau y Ricky ft Jay Wheeler, un junte que \u201cNo es normal\u201d &#8902; Una y Mil Letras","isPartOf":{"@id":"http:\/\/unaymilletras.com\/#website"},"primaryImageOfPage":{"@id":"https:\/\/unaymilletras.com\/mau-y-ricky-ft-jay-wheeler-un-junte-que-no-es-normal\/#primaryimage"},"image":{"@id":"https:\/\/unaymilletras.com\/mau-y-ricky-ft-jay-wheeler-un-junte-que-no-es-normal\/#primaryimage"},"thumbnailUrl":"https:\/\/unaymilletras.com\/wp-content\/uploads\/2023\/07\/may-ricky-jay.png","datePublished":"2023-07-08T10:47:56+00:00","dateModified":"2023-07-08T10:48:54+00:00","description":"D\u00edas antes de lanzar su nuevo disco, Mau y Ricky estrenan su primera colaboraci\u00f3n con Jay Wheeler","breadcrumb":{"@id":"https:\/\/unaymilletras.com\/mau-y-ricky-ft-jay-wheeler-un-junte-que-no-es-normal\/#breadcrumb"},"inLanguage":"en-GB","potentialAction":[{"@type":"ReadAction","target":["https:\/\/unaymilletras.com\/mau-y-ricky-ft-jay-wheeler-un-junte-que-no-es-normal\/"]}]},{"@type":"ImageObject","inLanguage":"en-GB","@id":"https:\/\/unaymilletras.com\/mau-y-ricky-ft-jay-wheeler-un-junte-que-no-es-normal\/#primaryimage","url":"https:\/\/unaymilletras.com\/wp-content\/uploads\/2023\/07\/may-ricky-jay.png","contentUrl":"https:\/\/unaymilletras.com\/wp-content\/uploads\/2023\/07\/may-ricky-jay.png","width":540,"height":534,"caption":"mau y ricky jay"},{"@type":"BreadcrumbList","@id":"https:\/\/unaymilletras.com\/mau-y-ricky-ft-jay-wheeler-un-junte-que-no-es-normal\/#breadcrumb","itemListElement":[{"@type":"ListItem","position":1,"name":"Home","item":"http:\/\/unaymilletras.com\/"},{"@type":"ListItem","position":2,"name":"Mau y Ricky ft Jay Wheeler, un junte que \u201cNo es normal\u201d"}]},{"@type":"WebSite","@id":"http:\/\/unaymilletras.com\/#website","url":"http:\/\/unaymilletras.com\/","name":"Una y Mil Letras","description":"","publisher":{"@id":"http:\/\/unaymilletras.com\/#organization"},"potentialAction":[{"@type":"SearchAction","target":{"@type":"EntryPoint","urlTemplate":"http:\/\/unaymilletras.com\/?s={search_term_string}"},"query-input":{"@type":"PropertyValueSpecification","valueRequired":true,"valueName":"search_term_string"}}],"inLanguage":"en-GB"},{"@type":"Organization","@id":"http:\/\/unaymilletras.com\/#organization","name":"Una y Mil Letras","url":"http:\/\/unaymilletras.com\/","logo":{"@type":"ImageObject","inLanguage":"en-GB","@id":"http:\/\/unaymilletras.com\/#\/schema\/logo\/image\/","url":"https:\/\/unaymilletras.com\/wp-content\/uploads\/2024\/06\/cropped-Logo-removebg-preview.png","contentUrl":"https:\/\/unaymilletras.com\/wp-content\/uploads\/2024\/06\/cropped-Logo-removebg-preview.png","width":512,"height":512,"caption":"Una y Mil Letras"},"image":{"@id":"http:\/\/unaymilletras.com\/#\/schema\/logo\/image\/"},"sameAs":["https:\/\/x.com\/UnaYMilLetras","https:\/\/instagram.com\/UnaYMilLetras"]},{"@type":"Person","@id":"http:\/\/unaymilletras.com\/#\/schema\/person\/d55ba681b8a4e463d8982dbe36a5dc94","name":"Maria Gil Robledo","image":{"@type":"ImageObject","inLanguage":"en-GB","@id":"https:\/\/secure.gravatar.com\/avatar\/4b8e5102e0015789407eb4870b12f0f2857952d83ca124058f92b764bd1840c3?s=96&d=mm&r=g","url":"https:\/\/secure.gravatar.com\/avatar\/4b8e5102e0015789407eb4870b12f0f2857952d83ca124058f92b764bd1840c3?s=96&d=mm&r=g","contentUrl":"https:\/\/secure.gravatar.com\/avatar\/4b8e5102e0015789407eb4870b12f0f2857952d83ca124058f92b764bd1840c3?s=96&d=mm&r=g","caption":"Maria Gil Robledo"},"sameAs":["http:\/\/unaymilletras.com"],"url":"https:\/\/unaymilletras.com\/en\/author\/mariiagiil02_\/"}]}},"_links":{"self":[{"href":"https:\/\/unaymilletras.com\/en\/wp-json\/wp\/v2\/posts\/989","targetHints":{"allow":["GET"]}}],"collection":[{"href":"https:\/\/unaymilletras.com\/en\/wp-json\/wp\/v2\/posts"}],"about":[{"href":"https:\/\/unaymilletras.com\/en\/wp-json\/wp\/v2\/types\/post"}],"author":[{"embeddable":true,"href":"https:\/\/unaymilletras.com\/en\/wp-json\/wp\/v2\/users\/1"}],"replies":[{"embeddable":true,"href":"https:\/\/unaymilletras.com\/en\/wp-json\/wp\/v2\/comments?post=989"}],"version-history":[{"count":8,"href":"https:\/\/unaymilletras.com\/en\/wp-json\/wp\/v2\/posts\/989\/revisions"}],"predecessor-version":[{"id":1001,"href":"https:\/\/unaymilletras.com\/en\/wp-json\/wp\/v2\/posts\/989\/revisions\/1001"}],"wp:featuredmedia":[{"embeddable":true,"href":"https:\/\/unaymilletras.com\/en\/wp-json\/wp\/v2\/media\/991"}],"wp:attachment":[{"href":"https:\/\/unaymilletras.com\/en\/wp-json\/wp\/v2\/media?parent=989"}],"wp:term":[{"taxonomy":"category","embeddable":true,"href":"https:\/\/unaymilletras.com\/en\/wp-json\/wp\/v2\/categories?post=989"},{"taxonomy":"post_tag","embeddable":true,"href":"https:\/\/unaymilletras.com\/en\/wp-json\/wp\/v2\/tags?post=989"}],"curies":[{"name":"wp","href":"https:\/\/api.w.org\/{rel}","templated":true}]}}